{"id":9848,"date":"2019-11-20T19:21:40","date_gmt":"2019-11-20T19:21:40","guid":{"rendered":"http:\/\/bojornal.pt\/?p=9848"},"modified":"2019-11-20T19:21:40","modified_gmt":"2019-11-20T19:21:40","slug":"a-terra-treme","status":"publish","type":"post","link":"https:\/\/bojornal.pt\/?p=9848","title":{"rendered":"A terra treme"},"content":{"rendered":"<p>&nbsp;<\/p>\n<p>Os alunos do Agrupamento de Escolas Em\u00eddio Garcia participaram na a\u00e7\u00e3o de sensibiliza\u00e7\u00e3o intitulado &#8220;A terra treme&#8221;. \u00c0 imagem de anos anteriores,os alunos tiveram a oportunidade de conhecer e colocar em pr\u00e1tica as medidas: Baixar, Proteger e Aguardar, em caso de risco s\u00edsmico.<\/p>\n","protected":false},"excerpt":{"rendered":"<p>&nbsp; Os alunos do Agrupamento de Escolas Em\u00eddio Garcia participaram na a\u00e7\u00e3o de sensibiliza\u00e7\u00e3o intitulado &#8220;A terra treme&#8221;. \u00c0 imagem de anos anteriores,os alunos tiveram a oportunidade de conhecer e colocar em pr\u00e1tica as&#46;&#46;&#46;<\/p>\n","protected":false},"author":2,"featured_media":9850,"comment_status":"closed","ping_status":"closed","sticky":false,"template":"","format":"gallery","meta":{"footnotes":""},"categories":[14,2,9,13,16],"tags":[],"class_list":["post-9848","post","type-post","status-publish","format-gallery","has-post-thumbnail","hentry","category-1o-ciclo","category-atualidade","category-em-foco","category-escola-paulo-quintela","category-escola-secundaria-emidio-garcia","post_format-post-format-gallery"],"_links":{"self":[{"href":"https:\/\/bojornal.pt\/index.php?rest_route=\/wp\/v2\/posts\/9848","targetHints":{"allow":["GET"]}}],"collection":[{"href":"https:\/\/bojornal.pt\/index.php?rest_route=\/wp\/v2\/posts"}],"about":[{"href":"https:\/\/bojornal.pt\/index.php?rest_route=\/wp\/v2\/types\/post"}],"author":[{"embeddable":true,"href":"https:\/\/bojornal.pt\/index.php?rest_route=\/wp\/v2\/users\/2"}],"replies":[{"embeddable":true,"href":"https:\/\/bojornal.pt\/index.php?rest_route=%2Fwp%2Fv2%2Fcomments&post=9848"}],"version-history":[{"count":0,"href":"https:\/\/bojornal.pt\/index.php?rest_route=\/wp\/v2\/posts\/9848\/revisions"}],"wp:featuredmedia":[{"embeddable":true,"href":"https:\/\/bojornal.pt\/index.php?rest_route=\/wp\/v2\/media\/9850"}],"wp:attachment":[{"href":"https:\/\/bojornal.pt\/index.php?rest_route=%2Fwp%2Fv2%2Fmedia&parent=9848"}],"wp:term":[{"taxonomy":"category","embeddable":true,"href":"https:\/\/bojornal.pt\/index.php?rest_route=%2Fwp%2Fv2%2Fcategories&post=9848"},{"taxonomy":"post_tag","embeddable":true,"href":"https:\/\/bojornal.pt\/index.php?rest_route=%2Fwp%2Fv2%2Ftags&post=9848"}],"curies":[{"name":"wp","href":"https:\/\/api.w.org\/{rel}","templated":true}]}}