{"id":9836,"date":"2019-11-01T09:26:22","date_gmt":"2019-11-01T09:26:22","guid":{"rendered":"http:\/\/bojornal.pt\/?p=9836"},"modified":"2019-11-06T09:28:38","modified_gmt":"2019-11-06T09:28:38","slug":"centro-escolar-da-se-distinguido-com-selo-europeu-de-qualidade","status":"publish","type":"post","link":"https:\/\/bojornal.pt\/?p=9836","title":{"rendered":"Centro Escolar da S\u00e9 distinguido com Selo Europeu de Qualidade"},"content":{"rendered":"<p>&nbsp;<\/p>\n<p>O AGRUPAMENTO DE ESCOLAS EM\u00cdDIO GARCIA, foi distinguida com o Selo Europeu de Qualidade pelo excelente trabalho do projecto eTwinning &#8220;WordsWise&#8221;, desenvolvido ao longo do ano letivo 2018-2019, na sala JIS\u00c92 &#8211; Centro Escolar da S\u00e9, pela Educadora de Inf\u00e2ncia Isabel Martins. Com o projeto o Centro Escolar da S\u00e9 obteve um reconhecimento ao mais alto n\u00edvel europeu.<\/p>\n<p>O projecto encontra-se tamb\u00e9m divulgado numa \u00e1rea especial no Portal Europeu\u00a0<a href=\"http:\/\/www.etwinning.net\/?fbclid=IwAR2eoNOwP3skOTP-XLIzMDM83stcsa1bSVe-LQBckrRhzFle6BjU54OfM3o\" target=\"_blank\" rel=\"nofollow noopener\" data-lynx-mode=\"asynclazy\" data-lynx-uri=\"https:\/\/l.facebook.com\/l.php?u=http%3A%2F%2Fwww.etwinning.net%2F%3Ffbclid%3DIwAR2eoNOwP3skOTP-XLIzMDM83stcsa1bSVe-LQBckrRhzFle6BjU54OfM3o&amp;h=AT0i2pHLyO-hO9OK0MHhXNxPoKN5iu14PnwHrYMIdabEZdzma1cv54kws3kYwgLyQiD1mHEFxhSRIGkzQ6Ml4OTXmyBqfJB4qYib2TiNumAFfKoNJmljwPUixwTF4Dp0SYGbHBHD\">www.etwinning.ne<\/a><\/p>\n","protected":false},"excerpt":{"rendered":"<p>&nbsp; O AGRUPAMENTO DE ESCOLAS EM\u00cdDIO GARCIA, foi distinguida com o Selo Europeu de Qualidade pelo excelente trabalho do projecto eTwinning &#8220;WordsWise&#8221;, desenvolvido ao longo do ano letivo 2018-2019, na sala JIS\u00c92 &#8211; Centro&#46;&#46;&#46;<\/p>\n","protected":false},"author":2,"featured_media":9837,"comment_status":"closed","ping_status":"closed","sticky":false,"template":"","format":"image","meta":{"footnotes":""},"categories":[2,13],"tags":[],"class_list":["post-9836","post","type-post","status-publish","format-image","has-post-thumbnail","hentry","category-atualidade","category-escola-paulo-quintela","post_format-post-format-image"],"_links":{"self":[{"href":"https:\/\/bojornal.pt\/index.php?rest_route=\/wp\/v2\/posts\/9836","targetHints":{"allow":["GET"]}}],"collection":[{"href":"https:\/\/bojornal.pt\/index.php?rest_route=\/wp\/v2\/posts"}],"about":[{"href":"https:\/\/bojornal.pt\/index.php?rest_route=\/wp\/v2\/types\/post"}],"author":[{"embeddable":true,"href":"https:\/\/bojornal.pt\/index.php?rest_route=\/wp\/v2\/users\/2"}],"replies":[{"embeddable":true,"href":"https:\/\/bojornal.pt\/index.php?rest_route=%2Fwp%2Fv2%2Fcomments&post=9836"}],"version-history":[{"count":0,"href":"https:\/\/bojornal.pt\/index.php?rest_route=\/wp\/v2\/posts\/9836\/revisions"}],"wp:featuredmedia":[{"embeddable":true,"href":"https:\/\/bojornal.pt\/index.php?rest_route=\/wp\/v2\/media\/9837"}],"wp:attachment":[{"href":"https:\/\/bojornal.pt\/index.php?rest_route=%2Fwp%2Fv2%2Fmedia&parent=9836"}],"wp:term":[{"taxonomy":"category","embeddable":true,"href":"https:\/\/bojornal.pt\/index.php?rest_route=%2Fwp%2Fv2%2Fcategories&post=9836"},{"taxonomy":"post_tag","embeddable":true,"href":"https:\/\/bojornal.pt\/index.php?rest_route=%2Fwp%2Fv2%2Ftags&post=9836"}],"curies":[{"name":"wp","href":"https:\/\/api.w.org\/{rel}","templated":true}]}}