{"id":9812,"date":"2019-11-02T10:07:04","date_gmt":"2019-11-02T10:07:04","guid":{"rendered":"http:\/\/bojornal.pt\/?p=9812"},"modified":"2019-11-05T10:29:08","modified_gmt":"2019-11-05T10:29:08","slug":"formacao-financeira-2019-no-liceu","status":"publish","type":"post","link":"https:\/\/bojornal.pt\/?p=9812","title":{"rendered":"Forma\u00e7\u00e3o Financeira 2019 no Liceu"},"content":{"rendered":"<p>&nbsp;<\/p>\n<p>Ser uma boa escola e ter instala\u00e7\u00f5es de qualidade faz destas coisas: o nosso liceu foi escolhido para ser a primeira escola e Bragan\u00e7a o primeiro distrito a acolherem o programa Forma\u00e7\u00e3o Financeira 2019, organizada pelas principais entidades nacionais na \u00e1rea da supervis\u00e3o banc\u00e1ria e dos seguros.<br \/>\nDurante uma semana o nosso liceu transformou-se numa esp\u00e9cie de faculdade de economia e gest\u00e3o, aberta \u00e0 intera\u00e7\u00e3o com os alunos atrav\u00e9s de forma\u00e7\u00f5es, jogos, programas de r\u00e1dio, etc.<br \/>\nA iniciativa come\u00e7ou\u00a0 com uma sess\u00e3o solene onde estiveram presentes representantes das diversas entidades de supervis\u00e3o, nomeadamente o Banco de Portugal, a Autoridade de Supervis\u00e3o de Seguros e Fundos de Pens\u00f5es e a Comiss\u00e3o do Mercado de Valores Mobili\u00e1rios (CMVM), al\u00e9m de um dirigente do Minist\u00e9rio da Educa\u00e7\u00e3o, do director do Liceu de Bragan\u00e7a, do presidente da C\u00e2mara e de outras autoridades locais e regionais.<\/p>\n<p>As diversas organiza\u00e7\u00f5es que integram o Conselho Nacional de Supervisores Financeiros (CNSF) trouxeram, nesta semana, colaboradores que sensibilizaram os alunos a usar de forma consciente o dinheiro.<br \/>\nPara o conseguirem aqueles t\u00e9cnicos diferenciaram as salas de aula conforme os temas nelas tratados.<span class=\"text_exposed_show\"><br \/>\n<\/span>Entre as entidades presentes nesta semana de sensibiliza\u00e7\u00e3o para o uso do dinheiro houve uma que se destacou pela simpatia com que foi acolhida pela comunidade escolar: a DECO.<br \/>\nA defesa do consumidor constitui, com efeito, uma tarefa a todos os t\u00edtulos positiva, particularmente quando se dirige a uma popula\u00e7\u00e3o nem sempre esclarecida em rela\u00e7\u00e3o aos seus direitos.<span class=\"text_exposed_show\"><br \/>\n<\/span><\/p>\n<p style=\"text-align: right;\"><em>B\u00f4radio<\/em><\/p>\n","protected":false},"excerpt":{"rendered":"<p>&nbsp; Ser uma boa escola e ter instala\u00e7\u00f5es de qualidade faz destas coisas: o nosso liceu foi escolhido para ser a primeira escola e Bragan\u00e7a o primeiro distrito a acolherem o programa Forma\u00e7\u00e3o Financeira&#46;&#46;&#46;<\/p>\n","protected":false},"author":2,"featured_media":9833,"comment_status":"closed","ping_status":"closed","sticky":false,"template":"","format":"gallery","meta":{"footnotes":""},"categories":[2,9,16],"tags":[],"class_list":["post-9812","post","type-post","status-publish","format-gallery","has-post-thumbnail","hentry","category-atualidade","category-em-foco","category-escola-secundaria-emidio-garcia","post_format-post-format-gallery"],"_links":{"self":[{"href":"https:\/\/bojornal.pt\/index.php?rest_route=\/wp\/v2\/posts\/9812","targetHints":{"allow":["GET"]}}],"collection":[{"href":"https:\/\/bojornal.pt\/index.php?rest_route=\/wp\/v2\/posts"}],"about":[{"href":"https:\/\/bojornal.pt\/index.php?rest_route=\/wp\/v2\/types\/post"}],"author":[{"embeddable":true,"href":"https:\/\/bojornal.pt\/index.php?rest_route=\/wp\/v2\/users\/2"}],"replies":[{"embeddable":true,"href":"https:\/\/bojornal.pt\/index.php?rest_route=%2Fwp%2Fv2%2Fcomments&post=9812"}],"version-history":[{"count":0,"href":"https:\/\/bojornal.pt\/index.php?rest_route=\/wp\/v2\/posts\/9812\/revisions"}],"wp:featuredmedia":[{"embeddable":true,"href":"https:\/\/bojornal.pt\/index.php?rest_route=\/wp\/v2\/media\/9833"}],"wp:attachment":[{"href":"https:\/\/bojornal.pt\/index.php?rest_route=%2Fwp%2Fv2%2Fmedia&parent=9812"}],"wp:term":[{"taxonomy":"category","embeddable":true,"href":"https:\/\/bojornal.pt\/index.php?rest_route=%2Fwp%2Fv2%2Fcategories&post=9812"},{"taxonomy":"post_tag","embeddable":true,"href":"https:\/\/bojornal.pt\/index.php?rest_route=%2Fwp%2Fv2%2Ftags&post=9812"}],"curies":[{"name":"wp","href":"https:\/\/api.w.org\/{rel}","templated":true}]}}