{"id":9788,"date":"2019-10-31T09:23:14","date_gmt":"2019-10-31T09:23:14","guid":{"rendered":"http:\/\/bojornal.pt\/?p=9788"},"modified":"2019-11-05T09:28:12","modified_gmt":"2019-11-05T09:28:12","slug":"biblioteca-associa-se-a-semana-da-formacao-financeira","status":"publish","type":"post","link":"https:\/\/bojornal.pt\/?p=9788","title":{"rendered":"Biblioteca associa-se \u00e0 Semana da Forma\u00e7\u00e3o Financeira"},"content":{"rendered":"<p>&nbsp;<\/p>\n<p>Associando-se \u00e0s atividades realizadas, no nosso agrupamento, no \u00e2mbito da Semana da Forma\u00e7\u00e3o Financeira 2019, a Biblioteca \u00c1lvaro Gomes, da Escola Paulo Quintela, comemorou, este ano, o seu Dia Internacional de forma diferente.<\/p>\n<p>Os alunos, em contexto de biblioteca, jogaram um Kahoot com quest\u00f5es relacionadas com educa\u00e7\u00e3o financeira e ouviram ler f\u00e1bulas e contos tradicionais sobre a mesma tem\u00e1tica.<\/p>\n<p>Desta forma, a biblioteca completou outros saberes e mostrou que, conjuntamente com toda a comunidade escolar, est\u00e1 empenhada em ajudar os mais novos a adquirir e exercer uma cidadania financeira respons\u00e1vel.<\/p>\n","protected":false},"excerpt":{"rendered":"<p>&nbsp; Associando-se \u00e0s atividades realizadas, no nosso agrupamento, no \u00e2mbito da Semana da Forma\u00e7\u00e3o Financeira 2019, a Biblioteca \u00c1lvaro Gomes, da Escola Paulo Quintela, comemorou, este ano, o seu Dia Internacional de forma diferente.&#46;&#46;&#46;<\/p>\n","protected":false},"author":2,"featured_media":9792,"comment_status":"closed","ping_status":"closed","sticky":false,"template":"","format":"gallery","meta":{"footnotes":""},"categories":[2,9,16],"tags":[],"class_list":["post-9788","post","type-post","status-publish","format-gallery","has-post-thumbnail","hentry","category-atualidade","category-em-foco","category-escola-secundaria-emidio-garcia","post_format-post-format-gallery"],"_links":{"self":[{"href":"https:\/\/bojornal.pt\/index.php?rest_route=\/wp\/v2\/posts\/9788","targetHints":{"allow":["GET"]}}],"collection":[{"href":"https:\/\/bojornal.pt\/index.php?rest_route=\/wp\/v2\/posts"}],"about":[{"href":"https:\/\/bojornal.pt\/index.php?rest_route=\/wp\/v2\/types\/post"}],"author":[{"embeddable":true,"href":"https:\/\/bojornal.pt\/index.php?rest_route=\/wp\/v2\/users\/2"}],"replies":[{"embeddable":true,"href":"https:\/\/bojornal.pt\/index.php?rest_route=%2Fwp%2Fv2%2Fcomments&post=9788"}],"version-history":[{"count":0,"href":"https:\/\/bojornal.pt\/index.php?rest_route=\/wp\/v2\/posts\/9788\/revisions"}],"wp:featuredmedia":[{"embeddable":true,"href":"https:\/\/bojornal.pt\/index.php?rest_route=\/wp\/v2\/media\/9792"}],"wp:attachment":[{"href":"https:\/\/bojornal.pt\/index.php?rest_route=%2Fwp%2Fv2%2Fmedia&parent=9788"}],"wp:term":[{"taxonomy":"category","embeddable":true,"href":"https:\/\/bojornal.pt\/index.php?rest_route=%2Fwp%2Fv2%2Fcategories&post=9788"},{"taxonomy":"post_tag","embeddable":true,"href":"https:\/\/bojornal.pt\/index.php?rest_route=%2Fwp%2Fv2%2Ftags&post=9788"}],"curies":[{"name":"wp","href":"https:\/\/api.w.org\/{rel}","templated":true}]}}