{"id":9747,"date":"2019-10-15T09:57:37","date_gmt":"2019-10-15T08:57:37","guid":{"rendered":"http:\/\/bojornal.pt\/?p=9747"},"modified":"2019-10-16T10:17:53","modified_gmt":"2019-10-16T09:17:53","slug":"dia-de-campanha-para-a-eleicao-da-nova-ae-do-liceu","status":"publish","type":"post","link":"https:\/\/bojornal.pt\/?p=9747","title":{"rendered":"Dia de campanha para a elei\u00e7\u00e3o da nova AE do Liceu"},"content":{"rendered":"<p>&nbsp;<\/p>\n<p>Esta ter\u00e7a-feira foi um dia repleto de anima\u00e7\u00e3o e de debate de ideias entre as duas listas candidatas aos org\u00e3os diretivos da Associa\u00e7\u00e3o de Estudantes da Escola Em\u00eddio Garcia. As listas candidatas ao sufr\u00e1gio agendado para dia 17 de outubro, proporcionaram in\u00fameras atividades \u00e0s centenas de alunos do Liceu. Ana Afonso, da lista Alpha, e David Fernandes, da lista M, encabe\u00e7am as duas equipas candidatas \u00e0 Dire\u00e7\u00e3o da Associa\u00e7\u00e3o de Estudantes do Liceu que se empenharam em divulgar as suas ideias e o projeto a desenvolver ao longo do presente ano letivo. M\u00fasica e anima\u00e7\u00e3o fizeram parte deste dia de festa que marcou a vida do Liceu. O dia de campanha terminou, da melhor forma e como habitual, com o debate moderado pelo professor e presidente do Conselho Geral, Te\u00f3filo Vaz. Os candidatos \u00e0 presid\u00eancia da dire\u00e7\u00e3o e da assembleia debateram as suas ideias com respeito e esp\u00edrito democr\u00e1tico.<\/p>\n<p>&nbsp;<\/p>\n","protected":false},"excerpt":{"rendered":"<p>&nbsp; Esta ter\u00e7a-feira foi um dia repleto de anima\u00e7\u00e3o e de debate de ideias entre as duas listas candidatas aos org\u00e3os diretivos da Associa\u00e7\u00e3o de Estudantes da Escola Em\u00eddio Garcia. As listas candidatas ao&#46;&#46;&#46;<\/p>\n","protected":false},"author":2,"featured_media":9757,"comment_status":"closed","ping_status":"closed","sticky":false,"template":"","format":"gallery","meta":{"footnotes":""},"categories":[2,9,16],"tags":[],"class_list":["post-9747","post","type-post","status-publish","format-gallery","has-post-thumbnail","hentry","category-atualidade","category-em-foco","category-escola-secundaria-emidio-garcia","post_format-post-format-gallery"],"_links":{"self":[{"href":"https:\/\/bojornal.pt\/index.php?rest_route=\/wp\/v2\/posts\/9747","targetHints":{"allow":["GET"]}}],"collection":[{"href":"https:\/\/bojornal.pt\/index.php?rest_route=\/wp\/v2\/posts"}],"about":[{"href":"https:\/\/bojornal.pt\/index.php?rest_route=\/wp\/v2\/types\/post"}],"author":[{"embeddable":true,"href":"https:\/\/bojornal.pt\/index.php?rest_route=\/wp\/v2\/users\/2"}],"replies":[{"embeddable":true,"href":"https:\/\/bojornal.pt\/index.php?rest_route=%2Fwp%2Fv2%2Fcomments&post=9747"}],"version-history":[{"count":0,"href":"https:\/\/bojornal.pt\/index.php?rest_route=\/wp\/v2\/posts\/9747\/revisions"}],"wp:featuredmedia":[{"embeddable":true,"href":"https:\/\/bojornal.pt\/index.php?rest_route=\/wp\/v2\/media\/9757"}],"wp:attachment":[{"href":"https:\/\/bojornal.pt\/index.php?rest_route=%2Fwp%2Fv2%2Fmedia&parent=9747"}],"wp:term":[{"taxonomy":"category","embeddable":true,"href":"https:\/\/bojornal.pt\/index.php?rest_route=%2Fwp%2Fv2%2Fcategories&post=9747"},{"taxonomy":"post_tag","embeddable":true,"href":"https:\/\/bojornal.pt\/index.php?rest_route=%2Fwp%2Fv2%2Ftags&post=9747"}],"curies":[{"name":"wp","href":"https:\/\/api.w.org\/{rel}","templated":true}]}}