{"id":9683,"date":"2019-09-25T18:11:53","date_gmt":"2019-09-25T17:11:53","guid":{"rendered":"http:\/\/bojornal.pt\/?p=9683"},"modified":"2019-10-07T23:28:28","modified_gmt":"2019-10-07T22:28:28","slug":"alunos-do-liceu-recebem-diploma-de-merito","status":"publish","type":"post","link":"https:\/\/bojornal.pt\/?p=9683","title":{"rendered":"Liceu distingue m\u00e9rito dos alunos"},"content":{"rendered":"<p>A Escola Em\u00eddio Garcia de Bragan\u00e7a iniciou o ano letivo de 2019\/2020 com a atribui\u00e7\u00e3o dos Diplomas de M\u00e9rito aos alunos que se destacaram nas avalia\u00e7\u00f5es do ano letivo anterior. Alunos, pais e\u00a0 encarregados de educa\u00e7\u00e3o reuniram-se no Sal\u00e3o Nobre do Liceu de Bragan\u00e7a para a cerimonia de reconhecimento do m\u00e9rito acad\u00e9mico. Os alunos que obtiveram melhores resultados receberam o reconhecimento por parte da comunidade, numa celebra\u00e7\u00e3o que contou com as diversas entidades brigantinas.<\/p>\n<p>Entre os galardoados, os alunos finalistas M\u00e1rio Vaz e Jo\u00e3o Rebelo, ambos do 12\u00baA, foram os alunos que obtiveram a m\u00e9dia mais elevada do Ensino Secund\u00e1rio. Os alunos conseguiram uma m\u00e9dia final de secund\u00e1rio de 19.6 valores, o que lhe permitiu o ingresso no prestigiante Instituto T\u00e9cnico de Lisboa.<\/p>\n","protected":false},"excerpt":{"rendered":"<p>A Escola Em\u00eddio Garcia de Bragan\u00e7a iniciou o ano letivo de 2019\/2020 com a atribui\u00e7\u00e3o dos Diplomas de M\u00e9rito aos alunos que se destacaram nas avalia\u00e7\u00f5es do ano letivo anterior. Alunos, pais e\u00a0 encarregados&#46;&#46;&#46;<\/p>\n","protected":false},"author":2,"featured_media":9686,"comment_status":"closed","ping_status":"closed","sticky":false,"template":"","format":"gallery","meta":{"footnotes":""},"categories":[2,9],"tags":[],"class_list":["post-9683","post","type-post","status-publish","format-gallery","has-post-thumbnail","hentry","category-atualidade","category-em-foco","post_format-post-format-gallery"],"_links":{"self":[{"href":"https:\/\/bojornal.pt\/index.php?rest_route=\/wp\/v2\/posts\/9683","targetHints":{"allow":["GET"]}}],"collection":[{"href":"https:\/\/bojornal.pt\/index.php?rest_route=\/wp\/v2\/posts"}],"about":[{"href":"https:\/\/bojornal.pt\/index.php?rest_route=\/wp\/v2\/types\/post"}],"author":[{"embeddable":true,"href":"https:\/\/bojornal.pt\/index.php?rest_route=\/wp\/v2\/users\/2"}],"replies":[{"embeddable":true,"href":"https:\/\/bojornal.pt\/index.php?rest_route=%2Fwp%2Fv2%2Fcomments&post=9683"}],"version-history":[{"count":0,"href":"https:\/\/bojornal.pt\/index.php?rest_route=\/wp\/v2\/posts\/9683\/revisions"}],"wp:featuredmedia":[{"embeddable":true,"href":"https:\/\/bojornal.pt\/index.php?rest_route=\/wp\/v2\/media\/9686"}],"wp:attachment":[{"href":"https:\/\/bojornal.pt\/index.php?rest_route=%2Fwp%2Fv2%2Fmedia&parent=9683"}],"wp:term":[{"taxonomy":"category","embeddable":true,"href":"https:\/\/bojornal.pt\/index.php?rest_route=%2Fwp%2Fv2%2Fcategories&post=9683"},{"taxonomy":"post_tag","embeddable":true,"href":"https:\/\/bojornal.pt\/index.php?rest_route=%2Fwp%2Fv2%2Ftags&post=9683"}],"curies":[{"name":"wp","href":"https:\/\/api.w.org\/{rel}","templated":true}]}}