{"id":9674,"date":"2019-01-06T23:47:15","date_gmt":"2019-01-06T23:47:15","guid":{"rendered":"http:\/\/bojornal.pt\/?p=9674"},"modified":"2021-01-26T19:36:25","modified_gmt":"2021-01-26T19:36:25","slug":"comemoracao-da-declaracao-universal-dos-direitos-humanos","status":"publish","type":"post","link":"https:\/\/bojornal.pt\/?p=9674","title":{"rendered":"Comemora\u00e7\u00e3o da Declara\u00e7\u00e3o Universal dos Direitos Humanos"},"content":{"rendered":"<p>&nbsp;<\/p>\n<p>O grupo disciplinar de EMRC, entre o dia 7 e o dia 11 de Dezembro, dinamizou e promoveu a Comemora\u00e7\u00e3o dos 70 anos da Declara\u00e7\u00e3o universal dos Direitos Humanos, na Escola Em\u00eddio Garcia, tendo sido elaborados v\u00e1rios trabalhos, no \u00e2mbito da disciplina de EMRC, em articula\u00e7\u00e3o com a docente Marta Ferreira do grupo disciplinar 420 (Geografia), que foram expostos no \u00e1trio da escola, onde se ilustravam artigos da carta dos direitos humanos e se identificava geograficamente \u00e1reas onde esses artigos n\u00e3o eram cumpridos. Deste modo consciencializou-se os alunos para a import\u00e2ncia da supervis\u00e3o da aplica\u00e7\u00e3o destes direitos a n\u00edvel mundial.&nbsp; Em paralelo \u00e0 exposi\u00e7\u00e3o, foram projetados v\u00eddeos que foram elaborados pelos alunos, que versavam a tem\u00e1tica dos direitos humanos. A explora\u00e7\u00e3o dos meios audiovisuais s\u00e3o sempre uma solu\u00e7\u00e3o de grande fiabilidade quando se pretende passar uma mensagem t\u00e3o forte como a da import\u00e2ncia da aplica\u00e7\u00e3o dos direitos humanos de um modo universal sem se prender a fatores de desenvolvimento, credos e religi\u00f5es.<\/p>\n<p>No \u00e1trio da escola foram expostos cartazes alusivos aos Direitos Humanos e \u00e0 viola\u00e7\u00e3o cont\u00ednua dos mesmos e duas \u00e1rvores, uma em branco, que simbolizava a paz e outra em preto, que simbolizava o \u00f3dio, a descrimina\u00e7\u00e3o e o racismo, com&nbsp; frases marcantes de grandes humanistas que se destacam e destacaram na luta pelos direitos humanos. Tamb\u00e9m foram expostos faixas em tecido elaboradas pelos alunos de 10\u00ba ano.<\/p>\n<p>Na Escola Paulo Quintela a Comemora\u00e7\u00e3o da Declara\u00e7\u00e3o Universal dos Direitos Humanos e da Conven\u00e7\u00e3o dos Direitos da Crian\u00e7a foi dinamizada com a exposi\u00e7\u00e3o de cartazes, no \u00e1trio da escola e na sala de conv\u00edvio, e os trabalhos realizados pelos alunos, onde se ilustravam artigos da carta dos direitos humanos e que foram afixados num placard em formato de \u00e1rvore.<\/p>\n<p>A atividade cumpriu os objetivos na medida em que possibilitou a sensibiliza\u00e7\u00e3o da comunidade escolar para a import\u00e2ncia do cumprimento dos Direitos Humanos e dos direitos da crian\u00e7a e da dignifica\u00e7\u00e3o da pessoa humana e a consciencializa\u00e7\u00e3o para a import\u00e2ncia da supervis\u00e3o da aplica\u00e7\u00e3o dos direitos a uma escala mundial.<\/p>\n<p style=\"text-align: right;\">Isabel Barros<\/p>\n\n\n<figure class=\"wp-block-image size-large\"><a href=\"https:\/\/bojornal.pt\/wp-content\/uploads\/2021\/01\/ComemoraA\u00a7ao-da-DeclaraA\u00a7Ao-Universal-dos-Direitos-Humanos.jpg\"><img decoding=\"async\" src=\"https:\/\/bojornal.pt\/wp-content\/uploads\/2021\/01\/ComemoraA\u00a7ao-da-DeclaraA\u00a7Ao-Universal-dos-Direitos-Humanos.jpg\" alt=\"\" class=\"wp-image-10522\"\/><\/a><\/figure>\n\n\n\n<p><\/p>\n","protected":false},"excerpt":{"rendered":"<p>&nbsp; O grupo disciplinar de EMRC, entre o dia 7 e o dia 11 de Dezembro, dinamizou e promoveu a Comemora\u00e7\u00e3o dos 70 anos da Declara\u00e7\u00e3o universal dos Direitos Humanos, na Escola Em\u00eddio Garcia,&#46;&#46;&#46;<\/p>\n","protected":false},"author":2,"featured_media":10525,"comment_status":"closed","ping_status":"closed","sticky":false,"template":"","format":"standard","meta":{"footnotes":""},"categories":[2,13,16],"tags":[],"class_list":["post-9674","post","type-post","status-publish","format-standard","has-post-thumbnail","hentry","category-atualidade","category-escola-paulo-quintela","category-escola-secundaria-emidio-garcia"],"_links":{"self":[{"href":"https:\/\/bojornal.pt\/index.php?rest_route=\/wp\/v2\/posts\/9674","targetHints":{"allow":["GET"]}}],"collection":[{"href":"https:\/\/bojornal.pt\/index.php?rest_route=\/wp\/v2\/posts"}],"about":[{"href":"https:\/\/bojornal.pt\/index.php?rest_route=\/wp\/v2\/types\/post"}],"author":[{"embeddable":true,"href":"https:\/\/bojornal.pt\/index.php?rest_route=\/wp\/v2\/users\/2"}],"replies":[{"embeddable":true,"href":"https:\/\/bojornal.pt\/index.php?rest_route=%2Fwp%2Fv2%2Fcomments&post=9674"}],"version-history":[{"count":0,"href":"https:\/\/bojornal.pt\/index.php?rest_route=\/wp\/v2\/posts\/9674\/revisions"}],"wp:featuredmedia":[{"embeddable":true,"href":"https:\/\/bojornal.pt\/index.php?rest_route=\/wp\/v2\/media\/10525"}],"wp:attachment":[{"href":"https:\/\/bojornal.pt\/index.php?rest_route=%2Fwp%2Fv2%2Fmedia&parent=9674"}],"wp:term":[{"taxonomy":"category","embeddable":true,"href":"https:\/\/bojornal.pt\/index.php?rest_route=%2Fwp%2Fv2%2Fcategories&post=9674"},{"taxonomy":"post_tag","embeddable":true,"href":"https:\/\/bojornal.pt\/index.php?rest_route=%2Fwp%2Fv2%2Ftags&post=9674"}],"curies":[{"name":"wp","href":"https:\/\/api.w.org\/{rel}","templated":true}]}}