{"id":9666,"date":"2019-02-07T23:22:41","date_gmt":"2019-02-07T23:22:41","guid":{"rendered":"http:\/\/bojornal.pt\/?p=9666"},"modified":"2019-02-26T23:27:09","modified_gmt":"2019-02-26T23:27:09","slug":"dia-mundial-contra-o-cancro","status":"publish","type":"post","link":"https:\/\/bojornal.pt\/?p=9666","title":{"rendered":"Dia Mundial Contra o Cancro"},"content":{"rendered":"<div class=\"gs\">\n<div class=\"\">\n<div id=\":28f\" class=\"ii gt\">\n<div id=\":28g\" class=\"a3s aXjCH \">\n<div dir=\"auto\"><\/div>\n<div dir=\"auto\">Celebrou-se, hoje, o dia Mundial da Luta Contra o Cancro. O objetivo da particulariza\u00e7\u00e3o deste dia face a todos os outros \u00e9 sensibilizar as pessoas para a doen\u00e7a e desmistificar algumas ideias erradas face \u00e0 mesma. Esta manh\u00e3, por volta das 10 horas, alunos do liceu juntaram-se, como vemos na fotografia, para marcarem a sua posi\u00e7\u00e3o perante este dia e, certamente, clarificar algumas concep\u00e7\u00f5es<\/div>\n<div dir=\"auto\">#EuSouEEuVou #DiaMundialDoCancro #LigaContraCancro<\/div>\n<div class=\"yj6qo\"><\/div>\n<div class=\"adL\" style=\"text-align: right;\"><em>M\u00e1rio Vaz (12\u00baA)<\/em><\/div>\n<div class=\"adL\"><\/div>\n<\/div>\n<\/div>\n<div id=\":1ra\" class=\"hq gt a10\">\n<div id=\":1rd\"><\/div>\n<div id=\":1rc\" class=\"aQH\">\n<div class=\"aZK\"><\/div>\n<\/div>\n<\/div>\n<div class=\"hi\"><\/div>\n<\/div>\n<\/div>\n","protected":false},"excerpt":{"rendered":"<p>Celebrou-se, hoje, o dia Mundial da Luta Contra o Cancro. O objetivo da particulariza\u00e7\u00e3o deste dia face a todos os outros \u00e9 sensibilizar as pessoas para a doen\u00e7a e desmistificar algumas ideias erradas face&#46;&#46;&#46;<\/p>\n","protected":false},"author":2,"featured_media":9667,"comment_status":"closed","ping_status":"closed","sticky":false,"template":"","format":"gallery","meta":{"footnotes":""},"categories":[2,9,16],"tags":[],"class_list":["post-9666","post","type-post","status-publish","format-gallery","has-post-thumbnail","hentry","category-atualidade","category-em-foco","category-escola-secundaria-emidio-garcia","post_format-post-format-gallery"],"_links":{"self":[{"href":"https:\/\/bojornal.pt\/index.php?rest_route=\/wp\/v2\/posts\/9666","targetHints":{"allow":["GET"]}}],"collection":[{"href":"https:\/\/bojornal.pt\/index.php?rest_route=\/wp\/v2\/posts"}],"about":[{"href":"https:\/\/bojornal.pt\/index.php?rest_route=\/wp\/v2\/types\/post"}],"author":[{"embeddable":true,"href":"https:\/\/bojornal.pt\/index.php?rest_route=\/wp\/v2\/users\/2"}],"replies":[{"embeddable":true,"href":"https:\/\/bojornal.pt\/index.php?rest_route=%2Fwp%2Fv2%2Fcomments&post=9666"}],"version-history":[{"count":0,"href":"https:\/\/bojornal.pt\/index.php?rest_route=\/wp\/v2\/posts\/9666\/revisions"}],"wp:featuredmedia":[{"embeddable":true,"href":"https:\/\/bojornal.pt\/index.php?rest_route=\/wp\/v2\/media\/9667"}],"wp:attachment":[{"href":"https:\/\/bojornal.pt\/index.php?rest_route=%2Fwp%2Fv2%2Fmedia&parent=9666"}],"wp:term":[{"taxonomy":"category","embeddable":true,"href":"https:\/\/bojornal.pt\/index.php?rest_route=%2Fwp%2Fv2%2Fcategories&post=9666"},{"taxonomy":"post_tag","embeddable":true,"href":"https:\/\/bojornal.pt\/index.php?rest_route=%2Fwp%2Fv2%2Ftags&post=9666"}],"curies":[{"name":"wp","href":"https:\/\/api.w.org\/{rel}","templated":true}]}}