{"id":9658,"date":"2018-12-26T22:54:36","date_gmt":"2018-12-26T22:54:36","guid":{"rendered":"http:\/\/bojornal.pt\/?p=9658"},"modified":"2019-02-26T23:02:55","modified_gmt":"2019-02-26T23:02:55","slug":"projeto-smild-do-liceu-de-braganca-a-florenca","status":"publish","type":"post","link":"https:\/\/bojornal.pt\/?p=9658","title":{"rendered":"Projeto SMiLD: Do Liceu de Bragan\u00e7a a Floren\u00e7a"},"content":{"rendered":"<p>&nbsp;<\/p>\n<p>O Agrupamento de Escolas Em\u00eddio Garcia participou em Floren\u00e7a, nos dias 6 e 7 de dezembro de 2018, no 1.\u00ba encontro do projeto SMiLD (Focus on Students with Mathematics Learning Disabilities). Este projeto, financiado pela Comiss\u00e3o Europeia, envolve, para al\u00e9m do nosso Agrupamento, v\u00e1rios parceiros (Universidade de G\u00e9nova (IT), Universidade de Wroclaw (PL), Instituto Polit\u00e9cnico de Bragan\u00e7a (PT), Liceu Machiavelli (IT), Escola Podstawowa (PL)), e visa promover a colabora\u00e7\u00e3o entre investigadores e professores no desenvolvimento de t\u00e9cnicas e instrumentos que possam contribuir para melhorar o sucesso de alunos que revelam perturba\u00e7\u00f5es na aprendizagem da Matem\u00e1tica.<\/p>\n","protected":false},"excerpt":{"rendered":"<p>&nbsp; O Agrupamento de Escolas Em\u00eddio Garcia participou em Floren\u00e7a, nos dias 6 e 7 de dezembro de 2018, no 1.\u00ba encontro do projeto SMiLD (Focus on Students with Mathematics Learning Disabilities). Este projeto,&#46;&#46;&#46;<\/p>\n","protected":false},"author":2,"featured_media":9660,"comment_status":"closed","ping_status":"closed","sticky":false,"template":"","format":"gallery","meta":{"footnotes":""},"categories":[2,9,16],"tags":[],"class_list":["post-9658","post","type-post","status-publish","format-gallery","has-post-thumbnail","hentry","category-atualidade","category-em-foco","category-escola-secundaria-emidio-garcia","post_format-post-format-gallery"],"_links":{"self":[{"href":"https:\/\/bojornal.pt\/index.php?rest_route=\/wp\/v2\/posts\/9658","targetHints":{"allow":["GET"]}}],"collection":[{"href":"https:\/\/bojornal.pt\/index.php?rest_route=\/wp\/v2\/posts"}],"about":[{"href":"https:\/\/bojornal.pt\/index.php?rest_route=\/wp\/v2\/types\/post"}],"author":[{"embeddable":true,"href":"https:\/\/bojornal.pt\/index.php?rest_route=\/wp\/v2\/users\/2"}],"replies":[{"embeddable":true,"href":"https:\/\/bojornal.pt\/index.php?rest_route=%2Fwp%2Fv2%2Fcomments&post=9658"}],"version-history":[{"count":0,"href":"https:\/\/bojornal.pt\/index.php?rest_route=\/wp\/v2\/posts\/9658\/revisions"}],"wp:featuredmedia":[{"embeddable":true,"href":"https:\/\/bojornal.pt\/index.php?rest_route=\/wp\/v2\/media\/9660"}],"wp:attachment":[{"href":"https:\/\/bojornal.pt\/index.php?rest_route=%2Fwp%2Fv2%2Fmedia&parent=9658"}],"wp:term":[{"taxonomy":"category","embeddable":true,"href":"https:\/\/bojornal.pt\/index.php?rest_route=%2Fwp%2Fv2%2Fcategories&post=9658"},{"taxonomy":"post_tag","embeddable":true,"href":"https:\/\/bojornal.pt\/index.php?rest_route=%2Fwp%2Fv2%2Ftags&post=9658"}],"curies":[{"name":"wp","href":"https:\/\/api.w.org\/{rel}","templated":true}]}}