{"id":9641,"date":"2018-12-18T16:55:11","date_gmt":"2018-12-18T16:55:11","guid":{"rendered":"http:\/\/bojornal.pt\/?p=9641"},"modified":"2018-12-28T16:57:45","modified_gmt":"2018-12-28T16:57:45","slug":"festa-de-natal-na-escola-paulo-quintela-2","status":"publish","type":"post","link":"https:\/\/bojornal.pt\/?p=9641","title":{"rendered":"Festa de Natal na Escola Paulo Quintela"},"content":{"rendered":"<p>&nbsp;<\/p>\n<p style=\"font-weight: 400;\">No dia 14 de Dezembro, na Escola Paulo Quintela, assinalou-se o t\u00e9rmino do 1\u00ba per\u00edodo em ambiente de festa e boa disposi\u00e7\u00e3o.<\/p>\n<p style=\"font-weight: 400;\">Com diversas atua\u00e7\u00f5es musicais e de dan\u00e7a, despedimo-nos deste per\u00edodo letivo com alegria e ao mesmo tempo com ansiedade para desfrutar de uma merecida pausa nas atividade escolares.<\/p>\n<p style=\"font-weight: 400;\">Para premiar publicamente os alunos que, ao longo deste per\u00edodo, participaram em diversos concursos dinamizados na escola, tamb\u00e9m foram entregues os pr\u00e9mios e certificados de participa\u00e7\u00e3o a todos os que se envolveram.<\/p>\n","protected":false},"excerpt":{"rendered":"<p>&nbsp; No dia 14 de Dezembro, na Escola Paulo Quintela, assinalou-se o t\u00e9rmino do 1\u00ba per\u00edodo em ambiente de festa e boa disposi\u00e7\u00e3o. Com diversas atua\u00e7\u00f5es musicais e de dan\u00e7a, despedimo-nos deste per\u00edodo letivo&#46;&#46;&#46;<\/p>\n","protected":false},"author":2,"featured_media":9649,"comment_status":"closed","ping_status":"closed","sticky":false,"template":"","format":"gallery","meta":{"footnotes":""},"categories":[2,9,13],"tags":[],"class_list":["post-9641","post","type-post","status-publish","format-gallery","has-post-thumbnail","hentry","category-atualidade","category-em-foco","category-escola-paulo-quintela","post_format-post-format-gallery"],"_links":{"self":[{"href":"https:\/\/bojornal.pt\/index.php?rest_route=\/wp\/v2\/posts\/9641","targetHints":{"allow":["GET"]}}],"collection":[{"href":"https:\/\/bojornal.pt\/index.php?rest_route=\/wp\/v2\/posts"}],"about":[{"href":"https:\/\/bojornal.pt\/index.php?rest_route=\/wp\/v2\/types\/post"}],"author":[{"embeddable":true,"href":"https:\/\/bojornal.pt\/index.php?rest_route=\/wp\/v2\/users\/2"}],"replies":[{"embeddable":true,"href":"https:\/\/bojornal.pt\/index.php?rest_route=%2Fwp%2Fv2%2Fcomments&post=9641"}],"version-history":[{"count":0,"href":"https:\/\/bojornal.pt\/index.php?rest_route=\/wp\/v2\/posts\/9641\/revisions"}],"wp:featuredmedia":[{"embeddable":true,"href":"https:\/\/bojornal.pt\/index.php?rest_route=\/wp\/v2\/media\/9649"}],"wp:attachment":[{"href":"https:\/\/bojornal.pt\/index.php?rest_route=%2Fwp%2Fv2%2Fmedia&parent=9641"}],"wp:term":[{"taxonomy":"category","embeddable":true,"href":"https:\/\/bojornal.pt\/index.php?rest_route=%2Fwp%2Fv2%2Fcategories&post=9641"},{"taxonomy":"post_tag","embeddable":true,"href":"https:\/\/bojornal.pt\/index.php?rest_route=%2Fwp%2Fv2%2Ftags&post=9641"}],"curies":[{"name":"wp","href":"https:\/\/api.w.org\/{rel}","templated":true}]}}