{"id":9628,"date":"2018-11-28T16:42:39","date_gmt":"2018-11-28T16:42:39","guid":{"rendered":"http:\/\/bojornal.pt\/?p=9628"},"modified":"2018-12-28T16:51:08","modified_gmt":"2018-12-28T16:51:08","slug":"magusto-na-escola-paulo-quintela-3","status":"publish","type":"post","link":"https:\/\/bojornal.pt\/?p=9628","title":{"rendered":"Magusto na Escola Paulo Quintela"},"content":{"rendered":"<p>&nbsp;<\/p>\n<p style=\"font-weight: 400;\">Com o objectivo de valorizar tradi\u00e7\u00f5es e promover o conv\u00edvio entre a comunidade educativa, no dia 21 de novembro, na Escola Paulo Quintela, realizaram-se atividades diversas para comemorar o S. Martinho. Apesar das condi\u00e7\u00f5es climat\u00e9ricas n\u00e3o serem as mais apropriadas para o evento, porque a chuva ca\u00eda e o frio fazia-se sentir, n\u00e3o faltaram motivos de contentamento para quem assistiu e participou nas atividades.<\/p>\n<p style=\"font-weight: 400;\">No gin\u00e1sio, disputou-se um renhido torneio de futsal e na sala de conv\u00edvio assistimos a momentos musicais diversificados e com cheirinho a m\u00fasica tradicional com o som de bombos e gaitas de fole e os elementos do clube de dan\u00e7a brindaram-nos com as suas coreografias sempre bem ensaiadas pela professora dinamizadora.<\/p>\n<p style=\"font-weight: 400;\">S\u00f3 faltou o tradicional \u201cferrete\u201d porque a tradicional fogueira n\u00e3o se pode acender devido \u00e0 chuva que teimava em estragar a festa, mas n\u00e3o faltaram as castanhas assadas \u201cquentes e boas\u201d.<\/p>\n","protected":false},"excerpt":{"rendered":"<p>&nbsp; Com o objectivo de valorizar tradi\u00e7\u00f5es e promover o conv\u00edvio entre a comunidade educativa, no dia 21 de novembro, na Escola Paulo Quintela, realizaram-se atividades diversas para comemorar o S. Martinho. Apesar das&#46;&#46;&#46;<\/p>\n","protected":false},"author":2,"featured_media":9640,"comment_status":"closed","ping_status":"closed","sticky":false,"template":"","format":"gallery","meta":{"footnotes":""},"categories":[2,9,13],"tags":[],"class_list":["post-9628","post","type-post","status-publish","format-gallery","has-post-thumbnail","hentry","category-atualidade","category-em-foco","category-escola-paulo-quintela","post_format-post-format-gallery"],"_links":{"self":[{"href":"https:\/\/bojornal.pt\/index.php?rest_route=\/wp\/v2\/posts\/9628","targetHints":{"allow":["GET"]}}],"collection":[{"href":"https:\/\/bojornal.pt\/index.php?rest_route=\/wp\/v2\/posts"}],"about":[{"href":"https:\/\/bojornal.pt\/index.php?rest_route=\/wp\/v2\/types\/post"}],"author":[{"embeddable":true,"href":"https:\/\/bojornal.pt\/index.php?rest_route=\/wp\/v2\/users\/2"}],"replies":[{"embeddable":true,"href":"https:\/\/bojornal.pt\/index.php?rest_route=%2Fwp%2Fv2%2Fcomments&post=9628"}],"version-history":[{"count":0,"href":"https:\/\/bojornal.pt\/index.php?rest_route=\/wp\/v2\/posts\/9628\/revisions"}],"wp:featuredmedia":[{"embeddable":true,"href":"https:\/\/bojornal.pt\/index.php?rest_route=\/wp\/v2\/media\/9640"}],"wp:attachment":[{"href":"https:\/\/bojornal.pt\/index.php?rest_route=%2Fwp%2Fv2%2Fmedia&parent=9628"}],"wp:term":[{"taxonomy":"category","embeddable":true,"href":"https:\/\/bojornal.pt\/index.php?rest_route=%2Fwp%2Fv2%2Fcategories&post=9628"},{"taxonomy":"post_tag","embeddable":true,"href":"https:\/\/bojornal.pt\/index.php?rest_route=%2Fwp%2Fv2%2Ftags&post=9628"}],"curies":[{"name":"wp","href":"https:\/\/api.w.org\/{rel}","templated":true}]}}