{"id":9586,"date":"2018-11-12T18:44:12","date_gmt":"2018-11-12T18:44:12","guid":{"rendered":"http:\/\/bojornal.pt\/?p=9586"},"modified":"2018-11-12T18:44:12","modified_gmt":"2018-11-12T18:44:12","slug":"escola-emidio-garcia-distinguida-a-nivel-europeu","status":"publish","type":"post","link":"https:\/\/bojornal.pt\/?p=9586","title":{"rendered":"Escola Em\u00eddio Garcia distinguida a n\u00edvel europeu"},"content":{"rendered":"<p>&nbsp;<\/p>\n<p>A Escola Em\u00eddio Garcia\u00a0recebeu o Selo Europeu de Qualidade pelo trabalho\u00a0desenvolvido no \u00e2mbito do projecto eTwinning &#8220;REACH &#8211; REINTERPRETING, EMPOWERING and ACCEPTING our CULTURAL HERITAGE&#8221;.<br \/>\nO eTwinning \u00e9 uma plataforma de partilha de conte\u00fados relacionados com o ensino, produzindo aquela que \u00e9 considerada \u201ca mais estimulante comunidade de aprendizagem na Europa\u201d.\u00a0Este projeto dinamizado, no Liceu\u00a0pela professora Lu\u00edsa Lima,<span class=\"text_exposed_show\"> obteve \u201cum reconhecimento ao mais alto n\u00edvel europeu\u201d. <\/span><\/p>\n","protected":false},"excerpt":{"rendered":"<p>&nbsp; A Escola Em\u00eddio Garcia\u00a0recebeu o Selo Europeu de Qualidade pelo trabalho\u00a0desenvolvido no \u00e2mbito do projecto eTwinning &#8220;REACH &#8211; REINTERPRETING, EMPOWERING and ACCEPTING our CULTURAL HERITAGE&#8221;. O eTwinning \u00e9 uma plataforma de partilha de&#46;&#46;&#46;<\/p>\n","protected":false},"author":2,"featured_media":9587,"comment_status":"closed","ping_status":"closed","sticky":false,"template":"","format":"gallery","meta":{"footnotes":""},"categories":[2,9,16],"tags":[],"class_list":["post-9586","post","type-post","status-publish","format-gallery","has-post-thumbnail","hentry","category-atualidade","category-em-foco","category-escola-secundaria-emidio-garcia","post_format-post-format-gallery"],"_links":{"self":[{"href":"https:\/\/bojornal.pt\/index.php?rest_route=\/wp\/v2\/posts\/9586","targetHints":{"allow":["GET"]}}],"collection":[{"href":"https:\/\/bojornal.pt\/index.php?rest_route=\/wp\/v2\/posts"}],"about":[{"href":"https:\/\/bojornal.pt\/index.php?rest_route=\/wp\/v2\/types\/post"}],"author":[{"embeddable":true,"href":"https:\/\/bojornal.pt\/index.php?rest_route=\/wp\/v2\/users\/2"}],"replies":[{"embeddable":true,"href":"https:\/\/bojornal.pt\/index.php?rest_route=%2Fwp%2Fv2%2Fcomments&post=9586"}],"version-history":[{"count":0,"href":"https:\/\/bojornal.pt\/index.php?rest_route=\/wp\/v2\/posts\/9586\/revisions"}],"wp:featuredmedia":[{"embeddable":true,"href":"https:\/\/bojornal.pt\/index.php?rest_route=\/wp\/v2\/media\/9587"}],"wp:attachment":[{"href":"https:\/\/bojornal.pt\/index.php?rest_route=%2Fwp%2Fv2%2Fmedia&parent=9586"}],"wp:term":[{"taxonomy":"category","embeddable":true,"href":"https:\/\/bojornal.pt\/index.php?rest_route=%2Fwp%2Fv2%2Fcategories&post=9586"},{"taxonomy":"post_tag","embeddable":true,"href":"https:\/\/bojornal.pt\/index.php?rest_route=%2Fwp%2Fv2%2Ftags&post=9586"}],"curies":[{"name":"wp","href":"https:\/\/api.w.org\/{rel}","templated":true}]}}