{"id":9529,"date":"2018-11-01T10:47:44","date_gmt":"2018-11-01T10:47:44","guid":{"rendered":"http:\/\/bojornal.pt\/?p=9529"},"modified":"2018-11-09T10:54:42","modified_gmt":"2018-11-09T10:54:42","slug":"gruteg-encena-halloween-no-liceu","status":"publish","type":"post","link":"https:\/\/bojornal.pt\/?p=9529","title":{"rendered":"Gruteg encena Halloween no Liceu"},"content":{"rendered":"<p>&nbsp;<\/p>\n<p>Dia 31 de Outubro, assinalou-se, no Liceu, tal como manda a tradi\u00e7\u00e3o originalmente anglo-sax\u00f4nica, o Halloween. A escola, decorada a rigor, serviu de espa\u00e7o aos v\u00e1rios alunos do grupo de teatro GRUTEG que decidiram caracterizar-se e teatralizar a nossa rica escola. Os gritos ecoavam nos corredores seguidos rapidamente por risos macabros. Almas penadas, mortos-vivos, fantasmas deambulavam nos corredores fazendo deles suas casas. Aquela que devia ser apenas mais uma quarta-feria tornou-se, gra\u00e7as a este projeto da associa\u00e7\u00e3o de estudantes, no dia mais assustador do ano letivo, tirando, como \u00e9 \u00f3bvio, o dia da entrega do teste de matem\u00e1tica&#8230;<\/p>\n<p style=\"text-align: right;\">M\u00e1rio Vaz<\/p>\n","protected":false},"excerpt":{"rendered":"<p>&nbsp; Dia 31 de Outubro, assinalou-se, no Liceu, tal como manda a tradi\u00e7\u00e3o originalmente anglo-sax\u00f4nica, o Halloween. A escola, decorada a rigor, serviu de espa\u00e7o aos v\u00e1rios alunos do grupo de teatro GRUTEG que&#46;&#46;&#46;<\/p>\n","protected":false},"author":2,"featured_media":9533,"comment_status":"closed","ping_status":"closed","sticky":false,"template":"","format":"gallery","meta":{"footnotes":""},"categories":[2,9,16],"tags":[],"class_list":["post-9529","post","type-post","status-publish","format-gallery","has-post-thumbnail","hentry","category-atualidade","category-em-foco","category-escola-secundaria-emidio-garcia","post_format-post-format-gallery"],"_links":{"self":[{"href":"https:\/\/bojornal.pt\/index.php?rest_route=\/wp\/v2\/posts\/9529","targetHints":{"allow":["GET"]}}],"collection":[{"href":"https:\/\/bojornal.pt\/index.php?rest_route=\/wp\/v2\/posts"}],"about":[{"href":"https:\/\/bojornal.pt\/index.php?rest_route=\/wp\/v2\/types\/post"}],"author":[{"embeddable":true,"href":"https:\/\/bojornal.pt\/index.php?rest_route=\/wp\/v2\/users\/2"}],"replies":[{"embeddable":true,"href":"https:\/\/bojornal.pt\/index.php?rest_route=%2Fwp%2Fv2%2Fcomments&post=9529"}],"version-history":[{"count":0,"href":"https:\/\/bojornal.pt\/index.php?rest_route=\/wp\/v2\/posts\/9529\/revisions"}],"wp:featuredmedia":[{"embeddable":true,"href":"https:\/\/bojornal.pt\/index.php?rest_route=\/wp\/v2\/media\/9533"}],"wp:attachment":[{"href":"https:\/\/bojornal.pt\/index.php?rest_route=%2Fwp%2Fv2%2Fmedia&parent=9529"}],"wp:term":[{"taxonomy":"category","embeddable":true,"href":"https:\/\/bojornal.pt\/index.php?rest_route=%2Fwp%2Fv2%2Fcategories&post=9529"},{"taxonomy":"post_tag","embeddable":true,"href":"https:\/\/bojornal.pt\/index.php?rest_route=%2Fwp%2Fv2%2Ftags&post=9529"}],"curies":[{"name":"wp","href":"https:\/\/api.w.org\/{rel}","templated":true}]}}