{"id":9476,"date":"2018-09-14T10:04:31","date_gmt":"2018-09-14T09:04:31","guid":{"rendered":"http:\/\/bojornal.pt\/?p=9476"},"modified":"2022-01-28T23:25:15","modified_gmt":"2022-01-28T23:25:15","slug":"merito-dos-alunos-distinguido","status":"publish","type":"post","link":"https:\/\/bojornal.pt\/?p=9476","title":{"rendered":"M\u00e9rito dos alunos distinguido"},"content":{"rendered":"<p>&nbsp;<\/p>\n<p style=\"text-align: left;\">O Agrupamento de Escolas Em\u00eddio Garcia iniciou mais um ano letivo com o destaque ao m\u00e9rito dos alunos que mais se distinguiram no ano anterior. Esta iniciativa contou com duas sess\u00f5es:&nbsp;no dia 13 de setembro,&nbsp;para os alunos de primeiro e segundo ciclos e, no dia seguinte, para os alunos de terceiro ciclo e do ensino secund\u00e1rio. Nestas duas sess\u00f5es, Eduardo Santos, diretor do agrupamento, marcaram presen\u00e7a alunos, Te\u00f3filo Vaz,&nbsp;presidente do Conselho Geral e muitos alunos, professores e encarregados de educa\u00e7\u00e3o.<\/p>\n<p style=\"text-align: left;\">As finalistas Carolina F\u00e9lix, Helena Vaz e Maria Isabel Gouveia foram as alunas que conclu\u00edram o 12\u00baano com a m\u00e9dia mais elevada: 19,2 valores.<\/p>\n","protected":false},"excerpt":{"rendered":"<p>&nbsp; O Agrupamento de Escolas Em\u00eddio Garcia iniciou mais um ano letivo com o destaque ao m\u00e9rito dos alunos que mais se distinguiram no ano anterior. Esta iniciativa contou com duas sess\u00f5es:&nbsp;no dia 13&#46;&#46;&#46;<\/p>\n","protected":false},"author":2,"featured_media":10749,"comment_status":"closed","ping_status":"closed","sticky":false,"template":"","format":"gallery","meta":{"footnotes":""},"categories":[2,3,9],"tags":[],"class_list":["post-9476","post","type-post","status-publish","format-gallery","has-post-thumbnail","hentry","category-atualidade","category-cultura","category-em-foco","post_format-post-format-gallery"],"_links":{"self":[{"href":"https:\/\/bojornal.pt\/index.php?rest_route=\/wp\/v2\/posts\/9476","targetHints":{"allow":["GET"]}}],"collection":[{"href":"https:\/\/bojornal.pt\/index.php?rest_route=\/wp\/v2\/posts"}],"about":[{"href":"https:\/\/bojornal.pt\/index.php?rest_route=\/wp\/v2\/types\/post"}],"author":[{"embeddable":true,"href":"https:\/\/bojornal.pt\/index.php?rest_route=\/wp\/v2\/users\/2"}],"replies":[{"embeddable":true,"href":"https:\/\/bojornal.pt\/index.php?rest_route=%2Fwp%2Fv2%2Fcomments&post=9476"}],"version-history":[{"count":0,"href":"https:\/\/bojornal.pt\/index.php?rest_route=\/wp\/v2\/posts\/9476\/revisions"}],"wp:featuredmedia":[{"embeddable":true,"href":"https:\/\/bojornal.pt\/index.php?rest_route=\/wp\/v2\/media\/10749"}],"wp:attachment":[{"href":"https:\/\/bojornal.pt\/index.php?rest_route=%2Fwp%2Fv2%2Fmedia&parent=9476"}],"wp:term":[{"taxonomy":"category","embeddable":true,"href":"https:\/\/bojornal.pt\/index.php?rest_route=%2Fwp%2Fv2%2Fcategories&post=9476"},{"taxonomy":"post_tag","embeddable":true,"href":"https:\/\/bojornal.pt\/index.php?rest_route=%2Fwp%2Fv2%2Ftags&post=9476"}],"curies":[{"name":"wp","href":"https:\/\/api.w.org\/{rel}","templated":true}]}}