{"id":9402,"date":"2018-05-10T00:35:07","date_gmt":"2018-05-09T23:35:07","guid":{"rendered":"http:\/\/bojornal.pt\/?p=9402"},"modified":"2018-05-29T00:36:01","modified_gmt":"2018-05-28T23:36:01","slug":"feira-do-emprego-educacao-e-solidariedade","status":"publish","type":"post","link":"https:\/\/bojornal.pt\/?p=9402","title":{"rendered":"FEIRA DO EMPREGO, EDUCA\u00c7\u00c3O E SOLIDARIEDADE"},"content":{"rendered":"<p>&nbsp;<\/p>\n<p>O Agrupamento de Escolas Em\u00eddio Garcia (AEEG) voltou a estar em grande em mais uma edi\u00e7\u00e3o da Fuera do Emprego, Educa\u00e7\u00e3o e Solidariedade realizada no in\u00edcio de maio. Na oitava edi\u00e7\u00e3o do certame, o AEEG voltou a deixar a sua marca atrav\u00e9s de um stand permanente e com a presen\u00e7a e participa\u00e7\u00e3o de alunos das diversas turmas. Os alunos tiveram oportunidade de contactar com diversas institui\u00e7\u00f5es das mais variadas \u00e1reas sociais.<\/p>\n","protected":false},"excerpt":{"rendered":"<p>&nbsp; O Agrupamento de Escolas Em\u00eddio Garcia (AEEG) voltou a estar em grande em mais uma edi\u00e7\u00e3o da Fuera do Emprego, Educa\u00e7\u00e3o e Solidariedade realizada no in\u00edcio de maio. Na oitava edi\u00e7\u00e3o do certame,&#46;&#46;&#46;<\/p>\n","protected":false},"author":3,"featured_media":9403,"comment_status":"closed","ping_status":"closed","sticky":false,"template":"","format":"image","meta":{"footnotes":""},"categories":[2],"tags":[],"class_list":["post-9402","post","type-post","status-publish","format-image","has-post-thumbnail","hentry","category-atualidade","post_format-post-format-image"],"_links":{"self":[{"href":"https:\/\/bojornal.pt\/index.php?rest_route=\/wp\/v2\/posts\/9402","targetHints":{"allow":["GET"]}}],"collection":[{"href":"https:\/\/bojornal.pt\/index.php?rest_route=\/wp\/v2\/posts"}],"about":[{"href":"https:\/\/bojornal.pt\/index.php?rest_route=\/wp\/v2\/types\/post"}],"author":[{"embeddable":true,"href":"https:\/\/bojornal.pt\/index.php?rest_route=\/wp\/v2\/users\/3"}],"replies":[{"embeddable":true,"href":"https:\/\/bojornal.pt\/index.php?rest_route=%2Fwp%2Fv2%2Fcomments&post=9402"}],"version-history":[{"count":0,"href":"https:\/\/bojornal.pt\/index.php?rest_route=\/wp\/v2\/posts\/9402\/revisions"}],"wp:featuredmedia":[{"embeddable":true,"href":"https:\/\/bojornal.pt\/index.php?rest_route=\/wp\/v2\/media\/9403"}],"wp:attachment":[{"href":"https:\/\/bojornal.pt\/index.php?rest_route=%2Fwp%2Fv2%2Fmedia&parent=9402"}],"wp:term":[{"taxonomy":"category","embeddable":true,"href":"https:\/\/bojornal.pt\/index.php?rest_route=%2Fwp%2Fv2%2Fcategories&post=9402"},{"taxonomy":"post_tag","embeddable":true,"href":"https:\/\/bojornal.pt\/index.php?rest_route=%2Fwp%2Fv2%2Ftags&post=9402"}],"curies":[{"name":"wp","href":"https:\/\/api.w.org\/{rel}","templated":true}]}}