{"id":9388,"date":"2018-05-28T21:04:40","date_gmt":"2018-05-28T20:04:40","guid":{"rendered":"http:\/\/bojornal.pt\/?p=9388"},"modified":"2018-05-28T21:04:40","modified_gmt":"2018-05-28T20:04:40","slug":"alunos-controlam-qualidade-da-agua-do-rio-fervenca","status":"publish","type":"post","link":"https:\/\/bojornal.pt\/?p=9388","title":{"rendered":"ALUNOS CONTROLAM QUALIDADE DA \u00c1GUA DO RIO FERVEN\u00c7A"},"content":{"rendered":"<p>&nbsp;<\/p>\n<p>Os alunos do 10\u00baB, da Escola Em\u00eddio Garcia deslocaram-se at\u00e9 ao Rio Ferven\u00e7a para fazerem um controlo de qualidade da \u00e1gua deste rio brigantino. Esta atividade realizou-se no \u00e2mbito do projeto &#8220;Rios&#8221;, iniciativa promovida pelo Centro de Ci\u00eancia Viva de Bragan\u00e7a (CCVB). A sa\u00edda de primavera ocorreu no dia 8 de maio de 2018 pelas 15:30h no CCVB e nos 500m adotados pelos alunos de Biologia da turma do 10\u00b0 B. Com ela pretendeu-se fazer o controlo da qualidade da \u00e1gua do rio Ferven\u00e7a atrav\u00e9s da an\u00e1lise de fatores como a cor da \u00e1gua, as esp\u00e9cies existentes, a polui\u00e7\u00e3o do rio.\u00a0 Concluiu-se que o estado do rio era med\u00edocre, isto \u00e9, moderadamente polu\u00eddo.<\/p>\n<p>Sendo assim, como proposta de melhoramento foi discutido, nesta sa\u00edda, efetuar o controlo das esp\u00e9cies invasoras, como os lagostins de pata vermelha, de forma a promover o desenvolvimento das esp\u00e9cies aut\u00f3ctones.<\/p>\n<p>&nbsp;<\/p>\n<p style=\"text-align: right;\">Sara Azevedo (10\u00baB)<\/p>\n","protected":false},"excerpt":{"rendered":"<p>&nbsp; Os alunos do 10\u00baB, da Escola Em\u00eddio Garcia deslocaram-se at\u00e9 ao Rio Ferven\u00e7a para fazerem um controlo de qualidade da \u00e1gua deste rio brigantino. Esta atividade realizou-se no \u00e2mbito do projeto &#8220;Rios&#8221;, iniciativa&#46;&#46;&#46;<\/p>\n","protected":false},"author":3,"featured_media":9392,"comment_status":"closed","ping_status":"closed","sticky":false,"template":"","format":"gallery","meta":{"footnotes":""},"categories":[2,9],"tags":[],"class_list":["post-9388","post","type-post","status-publish","format-gallery","has-post-thumbnail","hentry","category-atualidade","category-em-foco","post_format-post-format-gallery"],"_links":{"self":[{"href":"https:\/\/bojornal.pt\/index.php?rest_route=\/wp\/v2\/posts\/9388","targetHints":{"allow":["GET"]}}],"collection":[{"href":"https:\/\/bojornal.pt\/index.php?rest_route=\/wp\/v2\/posts"}],"about":[{"href":"https:\/\/bojornal.pt\/index.php?rest_route=\/wp\/v2\/types\/post"}],"author":[{"embeddable":true,"href":"https:\/\/bojornal.pt\/index.php?rest_route=\/wp\/v2\/users\/3"}],"replies":[{"embeddable":true,"href":"https:\/\/bojornal.pt\/index.php?rest_route=%2Fwp%2Fv2%2Fcomments&post=9388"}],"version-history":[{"count":0,"href":"https:\/\/bojornal.pt\/index.php?rest_route=\/wp\/v2\/posts\/9388\/revisions"}],"wp:featuredmedia":[{"embeddable":true,"href":"https:\/\/bojornal.pt\/index.php?rest_route=\/wp\/v2\/media\/9392"}],"wp:attachment":[{"href":"https:\/\/bojornal.pt\/index.php?rest_route=%2Fwp%2Fv2%2Fmedia&parent=9388"}],"wp:term":[{"taxonomy":"category","embeddable":true,"href":"https:\/\/bojornal.pt\/index.php?rest_route=%2Fwp%2Fv2%2Fcategories&post=9388"},{"taxonomy":"post_tag","embeddable":true,"href":"https:\/\/bojornal.pt\/index.php?rest_route=%2Fwp%2Fv2%2Ftags&post=9388"}],"curies":[{"name":"wp","href":"https:\/\/api.w.org\/{rel}","templated":true}]}}