{"id":9383,"date":"2018-05-28T20:15:34","date_gmt":"2018-05-28T19:15:34","guid":{"rendered":"http:\/\/bojornal.pt\/?p=9383"},"modified":"2018-05-28T20:15:34","modified_gmt":"2018-05-28T19:15:34","slug":"alunos-do-ptas-de-visita-aos-bombeiros","status":"publish","type":"post","link":"https:\/\/bojornal.pt\/?p=9383","title":{"rendered":"Alunos do PTAS de visita aos Bombeiros"},"content":{"rendered":"<p>&nbsp;<\/p>\n<p>No dia 18 de\u00a0maio, as turmas de PTAS (Profissional de T\u00e9cnico Auxiliar de Sa\u00fade)\u00a01 e 3 do Agrupamento de Escolas Em\u00eddio Garcia,\u00a0realizaram uma visita \u00e0s instala\u00e7\u00f5es dos Bombeiros Volunt\u00e1rios de Bragan\u00e7a.<\/p>\n<p>O bombeiro Jos\u00e9 Rodrigues foi o guia da nossa visita. Iniciamos a visita pela gare das instala\u00e7\u00f5es, onde podemos observar um carro de desencarceramento e todo o seu equipamento. Tivemos oportunidade de experimentar v\u00e1rias ferramentas de desencarceramento, como a tesoura e o tensor e pudemos perceber a sua fun\u00e7\u00e3o mas tamb\u00e9m a dificuldade em manobrar com elas, uma vez que cada uma pesa cerca de 25 kg.<\/p>\n<p>Vimos tamb\u00e9m alguns ve\u00edculos de combate aos inc\u00eandios florestais e aos inc\u00eandios\u00a0industriais\/ urbanos. Ficamos a saber que s\u00e3o usados diferentes ve\u00edculos e distintos procedimentos no combate a estes inc\u00eandios. Nos inc\u00eandios florestais \u00e9 usada \u00e1gua e ferramentas manuais, como a p\u00e1, que serve para arremessar terra, a ro\u00e7adora para desbaste da vegeta\u00e7\u00e3o, entre outras. Nos inc\u00eandios industriais\/ urbanos \u00e9 utilizada espuma e a maioria das vezes os bombeiros t\u00eam que utilizar m\u00e1scaras e botija de ar comprimido devido \u00e0 toxicidade dos fumos.<\/p>\n<p>Os Bombeiros Volunt\u00e1rios de Bragan\u00e7a t\u00eam um ve\u00edculo novo que foi adquirido pela associa\u00e7\u00e3o dos mesmos, este veiculo est\u00e1 dotado com equipamento de ponta.<\/p>\n<p>Fomos ainda ao vesti\u00e1rio, onde pudemos ver as diferentes fardas e em que situa\u00e7\u00e3o s\u00e3o usadas. Ficamos a saber uma curiosidade, os bombeiros usam as botas desapertadas para poderem cal\u00e7ar as botas das diferentes situa\u00e7\u00f5es.<\/p>\n<p>Nesta visita podemos constatar as dificuldades dos Bombeiros, por isso se queres fazer algo em prol da sociedade, podes inscrever-te como Bombeiro Volunt\u00e1rio.<\/p>\n<p>Eduarda Esteves, \u00c9rica Rodrigues, Filipa Borges, In\u00eas Nogueiro, Jacinta Fernandes e Marina Alves, PTAS 3<\/p>\n","protected":false},"excerpt":{"rendered":"<p>&nbsp; No dia 18 de\u00a0maio, as turmas de PTAS (Profissional de T\u00e9cnico Auxiliar de Sa\u00fade)\u00a01 e 3 do Agrupamento de Escolas Em\u00eddio Garcia,\u00a0realizaram uma visita \u00e0s instala\u00e7\u00f5es dos Bombeiros Volunt\u00e1rios de Bragan\u00e7a. O bombeiro&#46;&#46;&#46;<\/p>\n","protected":false},"author":3,"featured_media":9384,"comment_status":"closed","ping_status":"closed","sticky":false,"template":"","format":"gallery","meta":{"footnotes":""},"categories":[2],"tags":[],"class_list":["post-9383","post","type-post","status-publish","format-gallery","has-post-thumbnail","hentry","category-atualidade","post_format-post-format-gallery"],"_links":{"self":[{"href":"https:\/\/bojornal.pt\/index.php?rest_route=\/wp\/v2\/posts\/9383","targetHints":{"allow":["GET"]}}],"collection":[{"href":"https:\/\/bojornal.pt\/index.php?rest_route=\/wp\/v2\/posts"}],"about":[{"href":"https:\/\/bojornal.pt\/index.php?rest_route=\/wp\/v2\/types\/post"}],"author":[{"embeddable":true,"href":"https:\/\/bojornal.pt\/index.php?rest_route=\/wp\/v2\/users\/3"}],"replies":[{"embeddable":true,"href":"https:\/\/bojornal.pt\/index.php?rest_route=%2Fwp%2Fv2%2Fcomments&post=9383"}],"version-history":[{"count":0,"href":"https:\/\/bojornal.pt\/index.php?rest_route=\/wp\/v2\/posts\/9383\/revisions"}],"wp:featuredmedia":[{"embeddable":true,"href":"https:\/\/bojornal.pt\/index.php?rest_route=\/wp\/v2\/media\/9384"}],"wp:attachment":[{"href":"https:\/\/bojornal.pt\/index.php?rest_route=%2Fwp%2Fv2%2Fmedia&parent=9383"}],"wp:term":[{"taxonomy":"category","embeddable":true,"href":"https:\/\/bojornal.pt\/index.php?rest_route=%2Fwp%2Fv2%2Fcategories&post=9383"},{"taxonomy":"post_tag","embeddable":true,"href":"https:\/\/bojornal.pt\/index.php?rest_route=%2Fwp%2Fv2%2Ftags&post=9383"}],"curies":[{"name":"wp","href":"https:\/\/api.w.org\/{rel}","templated":true}]}}