{"id":9323,"date":"2018-05-27T13:12:32","date_gmt":"2018-05-27T12:12:32","guid":{"rendered":"http:\/\/bojornal.pt\/?p=9323"},"modified":"2018-05-27T13:12:32","modified_gmt":"2018-05-27T12:12:32","slug":"alunos-de-emrc-participam-no-encontro-nacional-de-i-ciclo-em-fatima","status":"publish","type":"post","link":"https:\/\/bojornal.pt\/?p=9323","title":{"rendered":"ALUNOS DE EMRC PARTICIPAM NO ENCONTRO NACIONAL DE I CICLO, EM F\u00c1TIMA"},"content":{"rendered":"<p>&nbsp;<\/p>\n<p>Os alunos de quarto ano da Escola das Beatas e do Centro Escolar da S\u00e9, inscritos em EMRC, viajaram at\u00e9 F\u00e1tima, nos passados dias 24 e 25 de Maio, para participarem no XVIII Encontro Nacional de I Ciclo, em F\u00e1tima. Como j\u00e1 \u00e9 habitual, o Agrupamento Em\u00eddio Garcia esteve presente nesta iniciativa promovida pelo Secretariado Nacional de Educa\u00e7\u00e3o Crist\u00e3 (SNEC), cujo tema, este ano, foi: \u201cSorri para mim\u201d. \u00a0Nesta atividade os alunos tiveram a oportunidade de visitarem o Santu\u00e1rio de F\u00e1tima, de assistirem \u00e0 pe\u00e7a de teatro: \u201cH\u00e1 festa na floresta\u201d, de participarem numa celebra\u00e7\u00e3o na Bas\u00edlica da Sant\u00edssima Trindade e, por fim aquando do regresso, tiveram a oportunidade de visitarem a Praia da Costa Nova, em Aveiro.<\/p>\n","protected":false},"excerpt":{"rendered":"<p>&nbsp; Os alunos de quarto ano da Escola das Beatas e do Centro Escolar da S\u00e9, inscritos em EMRC, viajaram at\u00e9 F\u00e1tima, nos passados dias 24 e 25 de Maio, para participarem no XVIII&#46;&#46;&#46;<\/p>\n","protected":false},"author":3,"featured_media":9341,"comment_status":"closed","ping_status":"closed","sticky":false,"template":"","format":"gallery","meta":{"footnotes":""},"categories":[14,2,9],"tags":[],"class_list":["post-9323","post","type-post","status-publish","format-gallery","has-post-thumbnail","hentry","category-1o-ciclo","category-atualidade","category-em-foco","post_format-post-format-gallery"],"_links":{"self":[{"href":"https:\/\/bojornal.pt\/index.php?rest_route=\/wp\/v2\/posts\/9323","targetHints":{"allow":["GET"]}}],"collection":[{"href":"https:\/\/bojornal.pt\/index.php?rest_route=\/wp\/v2\/posts"}],"about":[{"href":"https:\/\/bojornal.pt\/index.php?rest_route=\/wp\/v2\/types\/post"}],"author":[{"embeddable":true,"href":"https:\/\/bojornal.pt\/index.php?rest_route=\/wp\/v2\/users\/3"}],"replies":[{"embeddable":true,"href":"https:\/\/bojornal.pt\/index.php?rest_route=%2Fwp%2Fv2%2Fcomments&post=9323"}],"version-history":[{"count":0,"href":"https:\/\/bojornal.pt\/index.php?rest_route=\/wp\/v2\/posts\/9323\/revisions"}],"wp:featuredmedia":[{"embeddable":true,"href":"https:\/\/bojornal.pt\/index.php?rest_route=\/wp\/v2\/media\/9341"}],"wp:attachment":[{"href":"https:\/\/bojornal.pt\/index.php?rest_route=%2Fwp%2Fv2%2Fmedia&parent=9323"}],"wp:term":[{"taxonomy":"category","embeddable":true,"href":"https:\/\/bojornal.pt\/index.php?rest_route=%2Fwp%2Fv2%2Fcategories&post=9323"},{"taxonomy":"post_tag","embeddable":true,"href":"https:\/\/bojornal.pt\/index.php?rest_route=%2Fwp%2Fv2%2Ftags&post=9323"}],"curies":[{"name":"wp","href":"https:\/\/api.w.org\/{rel}","templated":true}]}}