{"id":9286,"date":"2018-05-18T09:17:18","date_gmt":"2018-05-18T08:17:18","guid":{"rendered":"http:\/\/bojornal.pt\/?p=9286"},"modified":"2022-01-28T22:17:36","modified_gmt":"2022-01-28T22:17:36","slug":"acao-de-sensibilizacao-cuidar-bem-dos-animais","status":"publish","type":"post","link":"https:\/\/bojornal.pt\/?p=9286","title":{"rendered":"A\u00e7\u00e3o de sensibiliza\u00e7\u00e3o &#8220;Cuidar bem dos animais&#8221;"},"content":{"rendered":"<p>&#8220;Cuidar bem os animais&#8221; foi o lema da a\u00e7\u00e3o de sensibiliza\u00e7\u00e3o realizada, esta semana, pela Associa\u00e7\u00e3o Amicus Canis &#8211; AMICA&nbsp; para os alunos de 6.\u00ba ano de escolaridade, da Escola Paulo Quintela.&nbsp;A atividade contou com a presen\u00e7a de elementos da associa\u00e7\u00e3o e de alguns veterin\u00e1rios que abordaram a tem\u00e1tica. Os alunos tiveram, ainda, a oportunidade de ajudar a associa\u00e7\u00e3o com a entrega de alguns bens alimentares para os animais.<\/p>\n<p>&nbsp;<\/p>\n<p>AMICA<\/p>\n<p style=\"margin: 0cm; margin-bottom: .0001pt; text-align: justify; text-indent: 35.4pt; line-height: 150%; background: white;\"><span style=\"color: #1d2129;\">Como j\u00e1 nos habituaram,<\/span> <span style=\"color: #1d2129;\">durante o m\u00eas de maio, a Associa\u00e7\u00e3o Amicus Canis \u2013 AMICA em parceria com os veterin\u00e1rios locais e a C\u00e2mara Municipal, deslocam-se \u00e0s v\u00e1rias escolas da cidade para promoverem A\u00e7\u00f5es de Sensibiliza\u00e7\u00e3o sobre o tema : Bem-estar Animal.<\/span><\/p>\n<p style=\"margin: 0cm; margin-bottom: .0001pt; text-align: justify; text-indent: 35.4pt; line-height: 150%; background: white;\"><span style=\"color: #1d2129;\">Estas a\u00e7\u00f5es visam informar e esclarecer os alunos e restante comunidade escolar sobre o Bem-estar Animal. Quais as suas necessidades f\u00edsicas, cuidados de sa\u00fade e qual a Lei que protege e defende os direitos dos animais.<\/span><\/p>\n<p style=\"margin: 0cm; margin-bottom: .0001pt; text-align: justify; text-indent: 35.4pt; line-height: 150%; background: white;\"><span style=\"color: #1d2129;\">A associa\u00e7\u00e3o pretende desta forma sensibilizar e alertar os alunos sobre os maus tratos a animais e para o seu N\u00e3o abandono. Em Portugal s\u00e3o abandonados cerca de 10 mil animais por ano, a sua maioria c\u00e3es.<\/span><\/p>\n<p style=\"margin: 0cm; margin-bottom: .0001pt; text-align: justify; text-indent: 35.4pt; line-height: 150%; background: white;\"><span style=\"color: #1d2129;\">A Amica procura assim sensibilizar as crian\u00e7as das escolas para a realidade que decorre e para a nova Lei, que entrou em vigor a 1 de maio e que deixa de considerar os animais como coisas.<\/span><\/p>\n<p style=\"margin: 0cm; margin-bottom: .0001pt; text-align: justify; text-indent: 35.4pt; line-height: 150%; background: white;\"><span style=\"color: #1d2129;\">Informa ainda que alguns c\u00e3es abandonados s\u00e3o por vezes adotados, mas grande parte acaba nos canis, tendo o abate como destino. No entanto, alerta que a partir de agosto de 2018, os canis v\u00e3o deixar de poder abater e a esteriliza\u00e7\u00e3o ser\u00e1 uma alternativa.<\/span><\/p>\n<p style=\"margin: 0cm; margin-bottom: .0001pt; text-align: justify; text-indent: 35.4pt; line-height: 150%; background: white;\"><span style=\"color: #1d2129;\">Nestas sess\u00f5es, as hist\u00f3rias reais de abandono e de maus tratos a animais, s\u00e3o os aspetos que mais ferem a sensibilidade das crian\u00e7as, pelo que se refor\u00e7a a import\u00e2ncia de ado\u00e7\u00f5es respons\u00e1veis e conscientes, fazendo sempre refer\u00eancia \u00e0 n\u00e3o compra de animais. Desta forma pretende-se que as crian\u00e7as se tornem cidad\u00e3os mais ativos, conscientes e mais humanos.<\/span><\/p>\n<p style=\"margin: 0cm; margin-bottom: .0001pt; text-align: justify; text-indent: 35.4pt; line-height: 150%; background: white;\"><span style=\"color: #1d2129;\">Acreditamos e trabalhamos para que juntos possamos criar uma sociedade mais c\u00edvica e mais culta, conhecedora dos seus direitos mas tamb\u00e9m e principalmente dos seus deveres. Falamos por aqueles que n\u00e3o t\u00eam voz, mas sentem como todos n\u00f3s.<\/span><\/p>\n<p>&nbsp;<\/p>\n","protected":false},"excerpt":{"rendered":"<p>&#8220;Cuidar bem os animais&#8221; foi o lema da a\u00e7\u00e3o de sensibiliza\u00e7\u00e3o realizada, esta semana, pela Associa\u00e7\u00e3o Amicus Canis &#8211; AMICA&nbsp; para os alunos de 6.\u00ba ano de escolaridade, da Escola Paulo Quintela.&nbsp;A atividade contou&#46;&#46;&#46;<\/p>\n","protected":false},"author":3,"featured_media":9296,"comment_status":"closed","ping_status":"closed","sticky":false,"template":"","format":"gallery","meta":{"footnotes":""},"categories":[2],"tags":[],"class_list":["post-9286","post","type-post","status-publish","format-gallery","has-post-thumbnail","hentry","category-atualidade","post_format-post-format-gallery"],"_links":{"self":[{"href":"https:\/\/bojornal.pt\/index.php?rest_route=\/wp\/v2\/posts\/9286","targetHints":{"allow":["GET"]}}],"collection":[{"href":"https:\/\/bojornal.pt\/index.php?rest_route=\/wp\/v2\/posts"}],"about":[{"href":"https:\/\/bojornal.pt\/index.php?rest_route=\/wp\/v2\/types\/post"}],"author":[{"embeddable":true,"href":"https:\/\/bojornal.pt\/index.php?rest_route=\/wp\/v2\/users\/3"}],"replies":[{"embeddable":true,"href":"https:\/\/bojornal.pt\/index.php?rest_route=%2Fwp%2Fv2%2Fcomments&post=9286"}],"version-history":[{"count":0,"href":"https:\/\/bojornal.pt\/index.php?rest_route=\/wp\/v2\/posts\/9286\/revisions"}],"wp:featuredmedia":[{"embeddable":true,"href":"https:\/\/bojornal.pt\/index.php?rest_route=\/wp\/v2\/media\/9296"}],"wp:attachment":[{"href":"https:\/\/bojornal.pt\/index.php?rest_route=%2Fwp%2Fv2%2Fmedia&parent=9286"}],"wp:term":[{"taxonomy":"category","embeddable":true,"href":"https:\/\/bojornal.pt\/index.php?rest_route=%2Fwp%2Fv2%2Fcategories&post=9286"},{"taxonomy":"post_tag","embeddable":true,"href":"https:\/\/bojornal.pt\/index.php?rest_route=%2Fwp%2Fv2%2Ftags&post=9286"}],"curies":[{"name":"wp","href":"https:\/\/api.w.org\/{rel}","templated":true}]}}