{"id":9179,"date":"2018-05-12T23:55:04","date_gmt":"2018-05-12T22:55:04","guid":{"rendered":"http:\/\/bojornal.pt\/?p=9179"},"modified":"2018-05-12T23:55:31","modified_gmt":"2018-05-12T22:55:31","slug":"gruteg-apresenta-a-peca-simplesmente-mae","status":"publish","type":"post","link":"https:\/\/bojornal.pt\/?p=9179","title":{"rendered":"GRUTEG enche Teatro Municipal com \u00abSimplesmente M\u00e3e\u00bb"},"content":{"rendered":"<p>O Grupo de Teatro da Escola Em\u00eddio Garcia (GRUTEG) deu, mais uma vez, espet\u00e1culo no Teatro Municipal de Bragan\u00e7a. Desta vez, o grupo do Liceu apresentou, nos passados dias 10 e 11 de maio, a pe\u00e7a &#8220;Simplesmente M\u00e3e&#8221;. Esta pe\u00e7a, sob dire\u00e7\u00e3o art\u00edstica do professor Ac\u00e1cio Pradinhos e com um elenco fant\u00e1stico, foi inspirado no filme &#8220;The Right Girl&#8221; de Bradford May.<\/p>\n","protected":false},"excerpt":{"rendered":"<p>O Grupo de Teatro da Escola Em\u00eddio Garcia (GRUTEG) deu, mais uma vez, espet\u00e1culo no Teatro Municipal de Bragan\u00e7a. Desta vez, o grupo do Liceu apresentou, nos passados dias 10 e 11 de maio,&#46;&#46;&#46;<\/p>\n","protected":false},"author":3,"featured_media":9191,"comment_status":"closed","ping_status":"closed","sticky":false,"template":"","format":"gallery","meta":{"footnotes":""},"categories":[2,9,16],"tags":[],"class_list":["post-9179","post","type-post","status-publish","format-gallery","has-post-thumbnail","hentry","category-atualidade","category-em-foco","category-escola-secundaria-emidio-garcia","post_format-post-format-gallery"],"_links":{"self":[{"href":"https:\/\/bojornal.pt\/index.php?rest_route=\/wp\/v2\/posts\/9179","targetHints":{"allow":["GET"]}}],"collection":[{"href":"https:\/\/bojornal.pt\/index.php?rest_route=\/wp\/v2\/posts"}],"about":[{"href":"https:\/\/bojornal.pt\/index.php?rest_route=\/wp\/v2\/types\/post"}],"author":[{"embeddable":true,"href":"https:\/\/bojornal.pt\/index.php?rest_route=\/wp\/v2\/users\/3"}],"replies":[{"embeddable":true,"href":"https:\/\/bojornal.pt\/index.php?rest_route=%2Fwp%2Fv2%2Fcomments&post=9179"}],"version-history":[{"count":0,"href":"https:\/\/bojornal.pt\/index.php?rest_route=\/wp\/v2\/posts\/9179\/revisions"}],"wp:featuredmedia":[{"embeddable":true,"href":"https:\/\/bojornal.pt\/index.php?rest_route=\/wp\/v2\/media\/9191"}],"wp:attachment":[{"href":"https:\/\/bojornal.pt\/index.php?rest_route=%2Fwp%2Fv2%2Fmedia&parent=9179"}],"wp:term":[{"taxonomy":"category","embeddable":true,"href":"https:\/\/bojornal.pt\/index.php?rest_route=%2Fwp%2Fv2%2Fcategories&post=9179"},{"taxonomy":"post_tag","embeddable":true,"href":"https:\/\/bojornal.pt\/index.php?rest_route=%2Fwp%2Fv2%2Ftags&post=9179"}],"curies":[{"name":"wp","href":"https:\/\/api.w.org\/{rel}","templated":true}]}}