{"id":9140,"date":"2018-05-12T00:47:33","date_gmt":"2018-05-11T23:47:33","guid":{"rendered":"http:\/\/bojornal.pt\/?p=9140"},"modified":"2018-05-12T00:47:33","modified_gmt":"2018-05-11T23:47:33","slug":"curso-de-artes-visuais-com-exposicao-no-centro-cultural-municipal-adriano-moreira","status":"publish","type":"post","link":"https:\/\/bojornal.pt\/?p=9140","title":{"rendered":"Curso de Artes Visuais com exposi\u00e7\u00e3o no Centro Cultural Municipal Adriano Moreira"},"content":{"rendered":"<p>&nbsp;<\/p>\n<p>O Centro Cultural Municipal Adriano Moreira acolhe, desde o passado dia 10, uma exposi\u00e7\u00e3o intitulada \u00abPercurso 4\u00bb, com a apresenta\u00e7\u00e3o de trabalhos dos alunos do 12\u00baG, do Curso de Artes Visuais, desde o 10\u00baano de escolaridade. Orientados pelo professor Manuel Trovisco, os alunos t\u00eam a oportunidade de apresentar \u00e0 comunidade brigantina os seus projetos e fazerem a experi\u00eancia de organizarem uma exposi\u00e7\u00e3o.Os trabalhos ir\u00e3o estar expostos at\u00e9 ao pr\u00f3ximo dia 10 de junho.<\/p>\n<p>Esta atividade contou com o apoio da C\u00e2mara Municipal de Bragan\u00e7a.<\/p>\n","protected":false},"excerpt":{"rendered":"<p>&nbsp; O Centro Cultural Municipal Adriano Moreira acolhe, desde o passado dia 10, uma exposi\u00e7\u00e3o intitulada \u00abPercurso 4\u00bb, com a apresenta\u00e7\u00e3o de trabalhos dos alunos do 12\u00baG, do Curso de Artes Visuais, desde o&#46;&#46;&#46;<\/p>\n","protected":false},"author":3,"featured_media":9169,"comment_status":"closed","ping_status":"closed","sticky":false,"template":"","format":"gallery","meta":{"footnotes":""},"categories":[2,3,9,16],"tags":[],"class_list":["post-9140","post","type-post","status-publish","format-gallery","has-post-thumbnail","hentry","category-atualidade","category-cultura","category-em-foco","category-escola-secundaria-emidio-garcia","post_format-post-format-gallery"],"_links":{"self":[{"href":"https:\/\/bojornal.pt\/index.php?rest_route=\/wp\/v2\/posts\/9140","targetHints":{"allow":["GET"]}}],"collection":[{"href":"https:\/\/bojornal.pt\/index.php?rest_route=\/wp\/v2\/posts"}],"about":[{"href":"https:\/\/bojornal.pt\/index.php?rest_route=\/wp\/v2\/types\/post"}],"author":[{"embeddable":true,"href":"https:\/\/bojornal.pt\/index.php?rest_route=\/wp\/v2\/users\/3"}],"replies":[{"embeddable":true,"href":"https:\/\/bojornal.pt\/index.php?rest_route=%2Fwp%2Fv2%2Fcomments&post=9140"}],"version-history":[{"count":0,"href":"https:\/\/bojornal.pt\/index.php?rest_route=\/wp\/v2\/posts\/9140\/revisions"}],"wp:featuredmedia":[{"embeddable":true,"href":"https:\/\/bojornal.pt\/index.php?rest_route=\/wp\/v2\/media\/9169"}],"wp:attachment":[{"href":"https:\/\/bojornal.pt\/index.php?rest_route=%2Fwp%2Fv2%2Fmedia&parent=9140"}],"wp:term":[{"taxonomy":"category","embeddable":true,"href":"https:\/\/bojornal.pt\/index.php?rest_route=%2Fwp%2Fv2%2Fcategories&post=9140"},{"taxonomy":"post_tag","embeddable":true,"href":"https:\/\/bojornal.pt\/index.php?rest_route=%2Fwp%2Fv2%2Ftags&post=9140"}],"curies":[{"name":"wp","href":"https:\/\/api.w.org\/{rel}","templated":true}]}}