{"id":9127,"date":"2018-05-12T00:23:28","date_gmt":"2018-05-11T23:23:28","guid":{"rendered":"http:\/\/bojornal.pt\/?p=9127"},"modified":"2018-05-12T00:23:28","modified_gmt":"2018-05-11T23:23:28","slug":"ciencia-na-escola-liceu-com-trabalho-candidato-ao-premio-fundacao-ilidio-pinho","status":"publish","type":"post","link":"https:\/\/bojornal.pt\/?p=9127","title":{"rendered":"Ci\u00eancia na Escola: Liceu com trabalho candidato ao Pr\u00e9mio Funda\u00e7\u00e3o Il\u00eddio Pinho"},"content":{"rendered":"<p>&nbsp;<\/p>\n<p><strong>OPERA\u00c7\u00c3O DE RESGATE DO L\u00daPULO ESPONT\u00c2NEO EM TR\u00c1S-OS-MONTES<\/strong><\/p>\n<p>Os alunos do 12\u00baB e D, acompanhados pela professora Paula Minhoto, est\u00e3o a desenvolver um trabalho de opera\u00e7\u00e3o de resgate do l\u00fapulo espont\u00e2neo em Tr\u00e1s-os-montes, projeto candidato ao Pr\u00e9mio Funda\u00e7\u00e3o Il\u00eddio Pinho &#8220;Ci\u00eancia na Escola&#8221;.<\/p>\n<p>O l\u00fapulo ( <em>Humuluslupulus<\/em> ) \u00e9 considerado uma esp\u00e9cie de elevado valor econ\u00f3mico porque, para al\u00e9m da utiliza\u00e7\u00e3o mais comum na industria cervejeira, pode ter outras utiliza\u00e7\u00f5es como na industria dos cosm\u00e9ticos ou em medicinas alternativas devido \u00e0s propriedades arom\u00e1ticas e terap\u00eauticas de alguns dos seus constituintes em particular da flor feminina.<\/p>\n<p>Os principais objetivos deste trabalho s\u00e3o: a identifica\u00e7\u00e3o, caracteriza\u00e7\u00e3o e obten\u00e7\u00e3o de plantas de l\u00fapulo espont\u00e2neo: a propaga\u00e7\u00e3o por multiplica\u00e7\u00e3o vegetativa em vitro de plantas derivadas do l\u00fapulo espont\u00e2neo; a identifica\u00e7\u00e3o das caracter\u00edsticas destas variedades e a sua promo\u00e7\u00e3o para que possam ser cultivadas localmente, valorizando a economia local e,ao aumentar a diversidade gen\u00e9tica da cultura, melhorar a produtividade das planta\u00e7\u00f5es. Ao mesmo tempo pretende-se envolver os alunos num processo de investiga\u00e7\u00e3o cientifica com aplicabilidade pratica permitindo a mobiliza\u00e7\u00e3o de conhecimentos te\u00f3ricos em atividades concretase o seu envolvimento com a comunidade local.<\/p>\n","protected":false},"excerpt":{"rendered":"<p>&nbsp; OPERA\u00c7\u00c3O DE RESGATE DO L\u00daPULO ESPONT\u00c2NEO EM TR\u00c1S-OS-MONTES Os alunos do 12\u00baB e D, acompanhados pela professora Paula Minhoto, est\u00e3o a desenvolver um trabalho de opera\u00e7\u00e3o de resgate do l\u00fapulo espont\u00e2neo em Tr\u00e1s-os-montes,&#46;&#46;&#46;<\/p>\n","protected":false},"author":3,"featured_media":9128,"comment_status":"closed","ping_status":"closed","sticky":false,"template":"","format":"gallery","meta":{"footnotes":""},"categories":[2,9,16],"tags":[],"class_list":["post-9127","post","type-post","status-publish","format-gallery","has-post-thumbnail","hentry","category-atualidade","category-em-foco","category-escola-secundaria-emidio-garcia","post_format-post-format-gallery"],"_links":{"self":[{"href":"https:\/\/bojornal.pt\/index.php?rest_route=\/wp\/v2\/posts\/9127","targetHints":{"allow":["GET"]}}],"collection":[{"href":"https:\/\/bojornal.pt\/index.php?rest_route=\/wp\/v2\/posts"}],"about":[{"href":"https:\/\/bojornal.pt\/index.php?rest_route=\/wp\/v2\/types\/post"}],"author":[{"embeddable":true,"href":"https:\/\/bojornal.pt\/index.php?rest_route=\/wp\/v2\/users\/3"}],"replies":[{"embeddable":true,"href":"https:\/\/bojornal.pt\/index.php?rest_route=%2Fwp%2Fv2%2Fcomments&post=9127"}],"version-history":[{"count":0,"href":"https:\/\/bojornal.pt\/index.php?rest_route=\/wp\/v2\/posts\/9127\/revisions"}],"wp:featuredmedia":[{"embeddable":true,"href":"https:\/\/bojornal.pt\/index.php?rest_route=\/wp\/v2\/media\/9128"}],"wp:attachment":[{"href":"https:\/\/bojornal.pt\/index.php?rest_route=%2Fwp%2Fv2%2Fmedia&parent=9127"}],"wp:term":[{"taxonomy":"category","embeddable":true,"href":"https:\/\/bojornal.pt\/index.php?rest_route=%2Fwp%2Fv2%2Fcategories&post=9127"},{"taxonomy":"post_tag","embeddable":true,"href":"https:\/\/bojornal.pt\/index.php?rest_route=%2Fwp%2Fv2%2Ftags&post=9127"}],"curies":[{"name":"wp","href":"https:\/\/api.w.org\/{rel}","templated":true}]}}