{"id":9119,"date":"2018-05-09T17:05:37","date_gmt":"2018-05-09T16:05:37","guid":{"rendered":"http:\/\/bojornal.pt\/?p=9119"},"modified":"2018-05-11T17:19:14","modified_gmt":"2018-05-11T16:19:14","slug":"alunos-do-liceu-de-visita-a-republica-da-irlanda","status":"publish","type":"post","link":"https:\/\/bojornal.pt\/?p=9119","title":{"rendered":"Alunos  do Liceu de visita \u00e0 Rep\u00fablica da Irlanda"},"content":{"rendered":"<p>&nbsp;<\/p>\n<p>Na pausa letiva do Carnaval, entre o dia 11 e 14 de Fevereiro, alunos do 9\u00ba, 10\u00ba e 11\u00ba ano(s) tiveram a oportunidade de fazer uma visita de estudo \u00e0 Rep\u00fablica da Irlanda, a ilha Esmeralda.<\/p>\n<p>Durante a estadia em Dublin, este grupo de alunos e professores acompanhantes visitaram o F\u00e9nix Park; o Museu Nacional; Castelo de Dublin; a biblioteca do Trinity College; St. Patrick Cathedral e tiveram uma inesquec\u00edvel experiencia na famosa f\u00e1brica de cerveja irlandesa &#8211; The Guiness Storehouse.<\/p>\n<p>O dia 12 de Fevereiro foi passado no campo. O grupo visitou a linda cidade medieval de Kilkenny e seu castelo; deu uma agrad\u00e1vel caminhada pelas montanhas selvagens de Wicklow, passeou pelo vale dos dois lagos (Glen of two lakes) e visitou o mosteiro de Glendalough.<\/p>\n<p>Al\u00e9m da volta de autocarro pela cidade de Dublin, com um guia local, tamb\u00e9m exploraram a cidade, nomeadamente pelas ruas do famoso bairro Temple.<\/p>\n<p>Os alunos assistiram a um espect\u00e1culo de m\u00fasica e dan\u00e7a irlandesa ao longo do jantar que se realizou no Belvedere Irish Night Pub.<\/p>\n<p>Foram quatro dias de imers\u00e3o na cultura irlandesa, de divers\u00e3o e cumplicidade entre professores e alunos.<\/p>\n","protected":false},"excerpt":{"rendered":"<p>&nbsp; Na pausa letiva do Carnaval, entre o dia 11 e 14 de Fevereiro, alunos do 9\u00ba, 10\u00ba e 11\u00ba ano(s) tiveram a oportunidade de fazer uma visita de estudo \u00e0 Rep\u00fablica da Irlanda,&#46;&#46;&#46;<\/p>\n","protected":false},"author":3,"featured_media":9125,"comment_status":"closed","ping_status":"closed","sticky":false,"template":"","format":"gallery","meta":{"footnotes":""},"categories":[2,9,16],"tags":[],"class_list":["post-9119","post","type-post","status-publish","format-gallery","has-post-thumbnail","hentry","category-atualidade","category-em-foco","category-escola-secundaria-emidio-garcia","post_format-post-format-gallery"],"_links":{"self":[{"href":"https:\/\/bojornal.pt\/index.php?rest_route=\/wp\/v2\/posts\/9119","targetHints":{"allow":["GET"]}}],"collection":[{"href":"https:\/\/bojornal.pt\/index.php?rest_route=\/wp\/v2\/posts"}],"about":[{"href":"https:\/\/bojornal.pt\/index.php?rest_route=\/wp\/v2\/types\/post"}],"author":[{"embeddable":true,"href":"https:\/\/bojornal.pt\/index.php?rest_route=\/wp\/v2\/users\/3"}],"replies":[{"embeddable":true,"href":"https:\/\/bojornal.pt\/index.php?rest_route=%2Fwp%2Fv2%2Fcomments&post=9119"}],"version-history":[{"count":0,"href":"https:\/\/bojornal.pt\/index.php?rest_route=\/wp\/v2\/posts\/9119\/revisions"}],"wp:featuredmedia":[{"embeddable":true,"href":"https:\/\/bojornal.pt\/index.php?rest_route=\/wp\/v2\/media\/9125"}],"wp:attachment":[{"href":"https:\/\/bojornal.pt\/index.php?rest_route=%2Fwp%2Fv2%2Fmedia&parent=9119"}],"wp:term":[{"taxonomy":"category","embeddable":true,"href":"https:\/\/bojornal.pt\/index.php?rest_route=%2Fwp%2Fv2%2Fcategories&post=9119"},{"taxonomy":"post_tag","embeddable":true,"href":"https:\/\/bojornal.pt\/index.php?rest_route=%2Fwp%2Fv2%2Ftags&post=9119"}],"curies":[{"name":"wp","href":"https:\/\/api.w.org\/{rel}","templated":true}]}}