{"id":8890,"date":"2018-05-04T00:04:44","date_gmt":"2018-05-03T23:04:44","guid":{"rendered":"http:\/\/bojornal.pt\/?p=8890"},"modified":"2018-05-07T00:10:35","modified_gmt":"2018-05-06T23:10:35","slug":"alunos-de-artes-visuais-participam-na-feira-das-cantarinhas","status":"publish","type":"post","link":"https:\/\/bojornal.pt\/?p=8890","title":{"rendered":"Alunos de Artes Visuais participam na \u00abFeira das Cantarinhas\u00bb"},"content":{"rendered":"<p>&nbsp;<\/p>\n<p>Os alunos de Artes Visuais da Escola Em\u00eddio Garcia, sob a orienta\u00e7\u00e3o do professor Manuel Trovisco, participaram na Feira das Cantarinhas com a elabora\u00e7\u00e3o e exposi\u00e7\u00e3o de uma cantarinha. &#8220;Partiste&#8221; foi o t\u00edtulo do trabalho.<\/p>\n","protected":false},"excerpt":{"rendered":"<p>&nbsp; Os alunos de Artes Visuais da Escola Em\u00eddio Garcia, sob a orienta\u00e7\u00e3o do professor Manuel Trovisco, participaram na Feira das Cantarinhas com a elabora\u00e7\u00e3o e exposi\u00e7\u00e3o de uma cantarinha. &#8220;Partiste&#8221; foi o t\u00edtulo&#46;&#46;&#46;<\/p>\n","protected":false},"author":3,"featured_media":8896,"comment_status":"closed","ping_status":"closed","sticky":false,"template":"","format":"gallery","meta":{"footnotes":""},"categories":[2,9,16],"tags":[],"class_list":["post-8890","post","type-post","status-publish","format-gallery","has-post-thumbnail","hentry","category-atualidade","category-em-foco","category-escola-secundaria-emidio-garcia","post_format-post-format-gallery"],"_links":{"self":[{"href":"https:\/\/bojornal.pt\/index.php?rest_route=\/wp\/v2\/posts\/8890","targetHints":{"allow":["GET"]}}],"collection":[{"href":"https:\/\/bojornal.pt\/index.php?rest_route=\/wp\/v2\/posts"}],"about":[{"href":"https:\/\/bojornal.pt\/index.php?rest_route=\/wp\/v2\/types\/post"}],"author":[{"embeddable":true,"href":"https:\/\/bojornal.pt\/index.php?rest_route=\/wp\/v2\/users\/3"}],"replies":[{"embeddable":true,"href":"https:\/\/bojornal.pt\/index.php?rest_route=%2Fwp%2Fv2%2Fcomments&post=8890"}],"version-history":[{"count":0,"href":"https:\/\/bojornal.pt\/index.php?rest_route=\/wp\/v2\/posts\/8890\/revisions"}],"wp:featuredmedia":[{"embeddable":true,"href":"https:\/\/bojornal.pt\/index.php?rest_route=\/wp\/v2\/media\/8896"}],"wp:attachment":[{"href":"https:\/\/bojornal.pt\/index.php?rest_route=%2Fwp%2Fv2%2Fmedia&parent=8890"}],"wp:term":[{"taxonomy":"category","embeddable":true,"href":"https:\/\/bojornal.pt\/index.php?rest_route=%2Fwp%2Fv2%2Fcategories&post=8890"},{"taxonomy":"post_tag","embeddable":true,"href":"https:\/\/bojornal.pt\/index.php?rest_route=%2Fwp%2Fv2%2Ftags&post=8890"}],"curies":[{"name":"wp","href":"https:\/\/api.w.org\/{rel}","templated":true}]}}