{"id":8881,"date":"2018-05-04T23:46:39","date_gmt":"2018-05-04T22:46:39","guid":{"rendered":"http:\/\/bojornal.pt\/?p=8881"},"modified":"2018-05-06T23:55:15","modified_gmt":"2018-05-06T22:55:15","slug":"escola-paulo-quintela-acolhe-e-vence-encontro-de-atividades-ritmicas","status":"publish","type":"post","link":"https:\/\/bojornal.pt\/?p=8881","title":{"rendered":"Escola Paulo Quintela acolhe e vence Encontro de Atividades R\u00edtmicas"},"content":{"rendered":"<p>&nbsp;<\/p>\n<p>A Escola Paulo Quintela foi palco do III encontro de Atividades R\u00edtmicas\u00a0 Desportivas, no \u00e2mbito do Desporto Escolar. Esta iniciativa, realizada no passado dia 02 de maio, contou com a participa\u00e7\u00e3o dos grupos de dan\u00e7a da Escola Paulo Quintela e da Escola de Armamar, uma vez que a Escola Abade Ba\u00e7al desistiu da competi\u00e7\u00e3o. O grupo de dan\u00e7a da Escola Paulo Quintela foi a grande vencedora da prova.<\/p>\n<div>Tamb\u00e9m o grupo de dan\u00e7as avan\u00e7adas do Agrupamento Em\u00eddio Garcia 3XL, j\u00e1 apurado para o encontro regional, brilhou com duas atua\u00e7\u00f5es de elevado n\u00edvel.<\/div>\n","protected":false},"excerpt":{"rendered":"<p>&nbsp; A Escola Paulo Quintela foi palco do III encontro de Atividades R\u00edtmicas\u00a0 Desportivas, no \u00e2mbito do Desporto Escolar. Esta iniciativa, realizada no passado dia 02 de maio, contou com a participa\u00e7\u00e3o dos grupos&#46;&#46;&#46;<\/p>\n","protected":false},"author":3,"featured_media":8883,"comment_status":"closed","ping_status":"closed","sticky":false,"template":"","format":"gallery","meta":{"footnotes":""},"categories":[2,9,13],"tags":[],"class_list":["post-8881","post","type-post","status-publish","format-gallery","has-post-thumbnail","hentry","category-atualidade","category-em-foco","category-escola-paulo-quintela","post_format-post-format-gallery"],"_links":{"self":[{"href":"https:\/\/bojornal.pt\/index.php?rest_route=\/wp\/v2\/posts\/8881","targetHints":{"allow":["GET"]}}],"collection":[{"href":"https:\/\/bojornal.pt\/index.php?rest_route=\/wp\/v2\/posts"}],"about":[{"href":"https:\/\/bojornal.pt\/index.php?rest_route=\/wp\/v2\/types\/post"}],"author":[{"embeddable":true,"href":"https:\/\/bojornal.pt\/index.php?rest_route=\/wp\/v2\/users\/3"}],"replies":[{"embeddable":true,"href":"https:\/\/bojornal.pt\/index.php?rest_route=%2Fwp%2Fv2%2Fcomments&post=8881"}],"version-history":[{"count":0,"href":"https:\/\/bojornal.pt\/index.php?rest_route=\/wp\/v2\/posts\/8881\/revisions"}],"wp:featuredmedia":[{"embeddable":true,"href":"https:\/\/bojornal.pt\/index.php?rest_route=\/wp\/v2\/media\/8883"}],"wp:attachment":[{"href":"https:\/\/bojornal.pt\/index.php?rest_route=%2Fwp%2Fv2%2Fmedia&parent=8881"}],"wp:term":[{"taxonomy":"category","embeddable":true,"href":"https:\/\/bojornal.pt\/index.php?rest_route=%2Fwp%2Fv2%2Fcategories&post=8881"},{"taxonomy":"post_tag","embeddable":true,"href":"https:\/\/bojornal.pt\/index.php?rest_route=%2Fwp%2Fv2%2Ftags&post=8881"}],"curies":[{"name":"wp","href":"https:\/\/api.w.org\/{rel}","templated":true}]}}