{"id":8868,"date":"2018-04-27T09:59:20","date_gmt":"2018-04-27T08:59:20","guid":{"rendered":"http:\/\/bojornal.pt\/?p=8868"},"modified":"2018-05-02T10:07:18","modified_gmt":"2018-05-02T09:07:18","slug":"liceu-em-grande-nas-competicoes-nacionais-de-ciencia","status":"publish","type":"post","link":"https:\/\/bojornal.pt\/?p=8868","title":{"rendered":"Liceu em grande nas Competi\u00e7\u00f5es Nacionais de Ci\u00eancia"},"content":{"rendered":"<p>&nbsp;<\/p>\n<p>As Competi\u00e7\u00f5es Nacionais de Ci\u00eancia reuniram mais uma vez milhares de jovens na Universidade de Aveiro, nos dias 23, 24 e 26 de abril, pondo \u00e0 prova os seus conhecimentos e compet\u00eancias cient\u00edficas e o Agrupamento Em\u00eddio Garcia n\u00e3o faltou \u00e0 chamada!<\/p>\n<p>No dia 24 foram os alunos do 3.\u00ba ciclo a entrar em a\u00e7\u00e3o nas provas equamat, fisQ e geoNET. Em 116 escolas participantes no Equamat, a Em\u00eddio Garcia obteve a 25.\u00aa posi\u00e7\u00e3o, destacando-se o 12.\u00ba lugar alcan\u00e7ado pelo Jos\u00e9 Pedro Alves e pelo Andr\u00e9 Amaro, do 8.\u00ba A. No geoNET, a C\u00e9lia Vaz e a Gabriela Salgado, do 7\u00baE, ficaram em 17.\u00ba lugar, contribuindo para o 6.\u00ba lugar obtido pela escola em 25 escolas participantes.<\/p>\n<p>O \u00faltimo dia foi reservado aos alunos do secund\u00e1rio que participaram nas provas mat12, FQuest e GVIDA. Na competi\u00e7\u00e3o de matem\u00e1tica, a Adriana Morais e o Gon\u00e7alo Pereira, do 10.\u00baB, obtiveram o 24.\u00ba lugar, enquanto a Jani Lang e o M\u00e1rio Vaz, do 11.\u00ba A conseguiram um excelente 13.\u00ba lugar e a BeatrizNogueiro e a Ana Catarina Preto, do 12.\u00baA, alcan\u00e7aram a 27.\u00aa posi\u00e7\u00e3o.Por escolas, entre 54 participantes, trouxemos o 14.\u00ba lugar na competi\u00e7\u00e3o mat12! No FQuest conseguimos at\u00e9 um lugar no podium! Os campe\u00f5es Jani Lang e M\u00e1rio Vaz obtiveram a 3.\u00aa posi\u00e7\u00e3o, com direito a medalhas, e arrecadaram ainda o 36.\u00ba lugar na competi\u00e7\u00e3o Gvida! Parab\u00e9ns a todos!<\/p>\n<p style=\"text-align: right;\">Manuela Oliveira<\/p>\n","protected":false},"excerpt":{"rendered":"<p>&nbsp; As Competi\u00e7\u00f5es Nacionais de Ci\u00eancia reuniram mais uma vez milhares de jovens na Universidade de Aveiro, nos dias 23, 24 e 26 de abril, pondo \u00e0 prova os seus conhecimentos e compet\u00eancias cient\u00edficas&#46;&#46;&#46;<\/p>\n","protected":false},"author":3,"featured_media":8870,"comment_status":"closed","ping_status":"closed","sticky":false,"template":"","format":"gallery","meta":{"footnotes":""},"categories":[2,9,16],"tags":[],"class_list":["post-8868","post","type-post","status-publish","format-gallery","has-post-thumbnail","hentry","category-atualidade","category-em-foco","category-escola-secundaria-emidio-garcia","post_format-post-format-gallery"],"_links":{"self":[{"href":"https:\/\/bojornal.pt\/index.php?rest_route=\/wp\/v2\/posts\/8868","targetHints":{"allow":["GET"]}}],"collection":[{"href":"https:\/\/bojornal.pt\/index.php?rest_route=\/wp\/v2\/posts"}],"about":[{"href":"https:\/\/bojornal.pt\/index.php?rest_route=\/wp\/v2\/types\/post"}],"author":[{"embeddable":true,"href":"https:\/\/bojornal.pt\/index.php?rest_route=\/wp\/v2\/users\/3"}],"replies":[{"embeddable":true,"href":"https:\/\/bojornal.pt\/index.php?rest_route=%2Fwp%2Fv2%2Fcomments&post=8868"}],"version-history":[{"count":0,"href":"https:\/\/bojornal.pt\/index.php?rest_route=\/wp\/v2\/posts\/8868\/revisions"}],"wp:featuredmedia":[{"embeddable":true,"href":"https:\/\/bojornal.pt\/index.php?rest_route=\/wp\/v2\/media\/8870"}],"wp:attachment":[{"href":"https:\/\/bojornal.pt\/index.php?rest_route=%2Fwp%2Fv2%2Fmedia&parent=8868"}],"wp:term":[{"taxonomy":"category","embeddable":true,"href":"https:\/\/bojornal.pt\/index.php?rest_route=%2Fwp%2Fv2%2Fcategories&post=8868"},{"taxonomy":"post_tag","embeddable":true,"href":"https:\/\/bojornal.pt\/index.php?rest_route=%2Fwp%2Fv2%2Ftags&post=8868"}],"curies":[{"name":"wp","href":"https:\/\/api.w.org\/{rel}","templated":true}]}}