{"id":8814,"date":"2018-04-22T23:08:02","date_gmt":"2018-04-22T22:08:02","guid":{"rendered":"http:\/\/bojornal.pt\/?p=8814"},"modified":"2022-01-28T21:14:59","modified_gmt":"2022-01-28T21:14:59","slug":"sarau-da-poesia-da-escola-paulo-quintela","status":"publish","type":"post","link":"https:\/\/bojornal.pt\/?p=8814","title":{"rendered":"Sarau da Poesia da Escola Paulo Quintela"},"content":{"rendered":"<p>&nbsp;<\/p>\n<p>A comunidade escolar da Escola Paulo Quintela&nbsp; reuniu-se, mais uma vez no Sal\u00e3o Nobre da Escola Em\u00eddio Garcia, para realiza\u00e7\u00e3o do Sarau de Poesia. Esta iniciativa, realizada no passado dia 18 de abril, levou ao palco alunos de 5\u00ba e 6\u00ba anos de escolaridade que tiveram a oportunidade de apresentar excertos de diversos autores atrav\u00e9s da recita\u00e7\u00e3o, da m\u00fasica e da dan\u00e7a.<\/p>\n<p>Este evento foi organizado pela Sec\u00e7\u00e3o Disciplinar de Portugu\u00eas e com a colabora\u00e7\u00e3o de Anabela Rodrigues, Jo\u00e3o Cristiano, Jos\u00e9 Amaro, Clube de Dan\u00e7a, Clube de M\u00fasica e Conservat\u00f3rio de M\u00fasica.<\/p>\n<p>&nbsp;<\/p>\n","protected":false},"excerpt":{"rendered":"<p>&nbsp; A comunidade escolar da Escola Paulo Quintela&nbsp; reuniu-se, mais uma vez no Sal\u00e3o Nobre da Escola Em\u00eddio Garcia, para realiza\u00e7\u00e3o do Sarau de Poesia. Esta iniciativa, realizada no passado dia 18 de abril,&#46;&#46;&#46;<\/p>\n","protected":false},"author":3,"featured_media":8836,"comment_status":"closed","ping_status":"closed","sticky":false,"template":"","format":"gallery","meta":{"footnotes":""},"categories":[2,9,13],"tags":[],"class_list":["post-8814","post","type-post","status-publish","format-gallery","has-post-thumbnail","hentry","category-atualidade","category-em-foco","category-escola-paulo-quintela","post_format-post-format-gallery"],"_links":{"self":[{"href":"https:\/\/bojornal.pt\/index.php?rest_route=\/wp\/v2\/posts\/8814","targetHints":{"allow":["GET"]}}],"collection":[{"href":"https:\/\/bojornal.pt\/index.php?rest_route=\/wp\/v2\/posts"}],"about":[{"href":"https:\/\/bojornal.pt\/index.php?rest_route=\/wp\/v2\/types\/post"}],"author":[{"embeddable":true,"href":"https:\/\/bojornal.pt\/index.php?rest_route=\/wp\/v2\/users\/3"}],"replies":[{"embeddable":true,"href":"https:\/\/bojornal.pt\/index.php?rest_route=%2Fwp%2Fv2%2Fcomments&post=8814"}],"version-history":[{"count":0,"href":"https:\/\/bojornal.pt\/index.php?rest_route=\/wp\/v2\/posts\/8814\/revisions"}],"wp:featuredmedia":[{"embeddable":true,"href":"https:\/\/bojornal.pt\/index.php?rest_route=\/wp\/v2\/media\/8836"}],"wp:attachment":[{"href":"https:\/\/bojornal.pt\/index.php?rest_route=%2Fwp%2Fv2%2Fmedia&parent=8814"}],"wp:term":[{"taxonomy":"category","embeddable":true,"href":"https:\/\/bojornal.pt\/index.php?rest_route=%2Fwp%2Fv2%2Fcategories&post=8814"},{"taxonomy":"post_tag","embeddable":true,"href":"https:\/\/bojornal.pt\/index.php?rest_route=%2Fwp%2Fv2%2Ftags&post=8814"}],"curies":[{"name":"wp","href":"https:\/\/api.w.org\/{rel}","templated":true}]}}