{"id":8811,"date":"2018-04-19T16:39:59","date_gmt":"2018-04-19T15:39:59","guid":{"rendered":"http:\/\/bojornal.pt\/?p=8811"},"modified":"2022-01-28T21:52:26","modified_gmt":"2022-01-28T21:52:26","slug":"quien-no-ha-visto-sevilla-no-ha-visto-maravilla","status":"publish","type":"post","link":"https:\/\/bojornal.pt\/?p=8811","title":{"rendered":"Quien no ha visto Sevilla, no ha visto maravilla."},"content":{"rendered":"<p style=\"font-weight: 400;\">\n<p style=\"font-weight: 400;\">Los alumnos de 10\u00ba y 11\u00ba los profesores han partido d\u00eda 7 de Abril rumo a Sevilla para realizar una visita a esta incre\u00edble ciudad en el \u00e1mbito de las asignaturas de Lengua Espa\u00f1ola y Religi\u00f3n y Moral.<\/p>\n<p style=\"font-weight: 400;\">Salimos de Braganza rumo a Sevilla a las seis y media, la primera parada fue en Merida. M\u00e9rida es un municipio y ciudad espa\u00f1ola de la provincia de Badajoz y capital de la comunidad aut\u00f3noma de Extremadura; seg\u00fan la tradici\u00f3n historiogr\u00e1fica, fue fundada como colonia romana en el a\u00f1o 25 a. C. por orden del emperador Octavio Augusto para servir de retiro a los soldados veteranos. La ciudad, una de las m\u00e1s importantes de toda Hispania, fue dotada con todas las comodidades de una gran urbe romana y ejerci\u00f3 de capital de la provincia romana de Lusitania.<\/p>\n<p style=\"font-weight: 400;\">As\u00ed tuvimos oportunidad de visitar el Museo Nacional de Arte Romano, el Templo de Diana, el Teatro Romano y la Bas\u00edlica de Santa Eul\u00e1lia. Seguimos rumo a Sevilla.<\/p>\n<p style=\"font-weight: 400;\">En el 8 de Abril nuestra visita ha empezado por la Torre del Oro,&nbsp;&nbsp;que es una torre albarrana situada en el margen izquierdo del r\u00edo Guadalquivir. Su altura es de 36 metros. Seguimos por el Barrio y el puente de Triana. Por la tarde hemos visitado el Palacio Real de Alc\u00e1zar d\u00f3nde han sido rodadas escenas de una parte de la temporada 5 del Juego de los Tronos.&nbsp;&nbsp;Terminamos con una visita a la espectacular Plaza de Espa\u00f1a y al Parque Maria Lu\u00edsa.<\/p>\n<p style=\"font-weight: 400;\">Lunes, d\u00eda 9 de Abril por un ajuste del programa hemos empezado pela Catedral de Santa Maria de Sevilla y una subida a la enorme Torre de Giralda, mide 97,5 metros de altura. Por la tarde vistamos el Acu\u00e1rio de de Sevila.<\/p>\n<p style=\"font-weight: 400;\">El en \u00faltimo d\u00eda como aun no llov\u00eda hemos visitado el Metropol Parasol, tambi\u00e9n conocido como las Setas de Sevilla, que es un proyecto del&nbsp;&nbsp;arquitecto J\u00fcrgen Mayer, constituye la estructura de madera m\u00e1s grande del mundo y su construcci\u00f3n se llev\u00f3 a cabo con el objetivo de renovar la Plaza de la Encarnaci\u00f3n.<\/p>\n<p style=\"font-weight: 400;\">Para terminar visitamos el Centro Andaluz de Arte Contempor\u00e1nea.<\/p>\n<p style=\"font-weight: 400;\">Volvimos a casa hemos de recuerdos y de alegr\u00eda por las sevillanas, por las vivencias\u2026<\/p>\n<p style=\"font-weight: 400;\">Y como ha dicho alguien<\/p>\n<p style=\"font-weight: 400;\">&#8220;Si s\u00f3lo vas a ver unas pocas ciudades espa\u00f1olas durante toda tu vida, haz de Sevilla una de tus visitas.&#8221;<\/p>\n<p>&nbsp;<\/p>\n<p>Carla Sofia Santos<\/p>\n","protected":false},"excerpt":{"rendered":"<p>Los alumnos de 10\u00ba y 11\u00ba los profesores han partido d\u00eda 7 de Abril rumo a Sevilla para realizar una visita a esta incre\u00edble ciudad en el \u00e1mbito de las asignaturas de Lengua Espa\u00f1ola&#46;&#46;&#46;<\/p>\n","protected":false},"author":3,"featured_media":8784,"comment_status":"closed","ping_status":"closed","sticky":false,"template":"","format":"image","meta":{"footnotes":""},"categories":[3,19],"tags":[],"class_list":["post-8811","post","type-post","status-publish","format-image","has-post-thumbnail","hentry","category-cultura","category-intertextualidades","post_format-post-format-image"],"_links":{"self":[{"href":"https:\/\/bojornal.pt\/index.php?rest_route=\/wp\/v2\/posts\/8811","targetHints":{"allow":["GET"]}}],"collection":[{"href":"https:\/\/bojornal.pt\/index.php?rest_route=\/wp\/v2\/posts"}],"about":[{"href":"https:\/\/bojornal.pt\/index.php?rest_route=\/wp\/v2\/types\/post"}],"author":[{"embeddable":true,"href":"https:\/\/bojornal.pt\/index.php?rest_route=\/wp\/v2\/users\/3"}],"replies":[{"embeddable":true,"href":"https:\/\/bojornal.pt\/index.php?rest_route=%2Fwp%2Fv2%2Fcomments&post=8811"}],"version-history":[{"count":0,"href":"https:\/\/bojornal.pt\/index.php?rest_route=\/wp\/v2\/posts\/8811\/revisions"}],"wp:featuredmedia":[{"embeddable":true,"href":"https:\/\/bojornal.pt\/index.php?rest_route=\/wp\/v2\/media\/8784"}],"wp:attachment":[{"href":"https:\/\/bojornal.pt\/index.php?rest_route=%2Fwp%2Fv2%2Fmedia&parent=8811"}],"wp:term":[{"taxonomy":"category","embeddable":true,"href":"https:\/\/bojornal.pt\/index.php?rest_route=%2Fwp%2Fv2%2Fcategories&post=8811"},{"taxonomy":"post_tag","embeddable":true,"href":"https:\/\/bojornal.pt\/index.php?rest_route=%2Fwp%2Fv2%2Ftags&post=8811"}],"curies":[{"name":"wp","href":"https:\/\/api.w.org\/{rel}","templated":true}]}}