{"id":8788,"date":"2018-04-17T22:40:58","date_gmt":"2018-04-17T21:40:58","guid":{"rendered":"http:\/\/bojornal.pt\/?p=8788"},"modified":"2018-04-17T22:40:58","modified_gmt":"2018-04-17T21:40:58","slug":"agrupamento-participa-na-feira-das-ciencias","status":"publish","type":"post","link":"https:\/\/bojornal.pt\/?p=8788","title":{"rendered":"Agrupamento participa na Feira das Ci\u00eancias"},"content":{"rendered":"<p>&nbsp;<\/p>\n<p>O Agrupamento de Escolas Em\u00eddio Garcia participou na 3\u00aa Edi\u00e7\u00e3o da Feira das Ci\u00eancias, promovida pelo Centro Ci\u00eancia Viva de Bragan\u00e7a. Esta iniciativa, que decorreu na Pra\u00e7a do Munic\u00edpio de Bragan\u00e7a entre os dias 11 e 13 de abril, reuniu alunos desde o Ensino Pr\u00e9-escolar e o Secund\u00e1rio de diversas escolas. O Agrupamento Em\u00eddio Garcia esteve representado com alunos de diversos ciclos de ensino. Esta iniciativa possibilitou a todos os participantes a apresenta\u00e7\u00e3o de atividades cient\u00edficas produzidas pelos alunos e investigadores possibilitando uma melhoria nas aprendizagens dos alunos. A organiza\u00e7\u00e3o contou com o apoio de diversas institui\u00e7\u00f5es como a C\u00e2mara Municipal de Bragan\u00e7a, o IPB, os Agrupamentos de Escolas, o IEFP, os Col\u00e9gios de Bragan\u00e7a, a EPPU e diversas associa\u00e7\u00f5es.<span style=\"font-size: small;\"><b><br \/>\n<\/b><\/span><\/p>\n","protected":false},"excerpt":{"rendered":"<p>&nbsp; O Agrupamento de Escolas Em\u00eddio Garcia participou na 3\u00aa Edi\u00e7\u00e3o da Feira das Ci\u00eancias, promovida pelo Centro Ci\u00eancia Viva de Bragan\u00e7a. Esta iniciativa, que decorreu na Pra\u00e7a do Munic\u00edpio de Bragan\u00e7a entre os&#46;&#46;&#46;<\/p>\n","protected":false},"author":3,"featured_media":8808,"comment_status":"closed","ping_status":"closed","sticky":false,"template":"","format":"gallery","meta":{"footnotes":""},"categories":[14,2,9,16],"tags":[],"class_list":["post-8788","post","type-post","status-publish","format-gallery","has-post-thumbnail","hentry","category-1o-ciclo","category-atualidade","category-em-foco","category-escola-secundaria-emidio-garcia","post_format-post-format-gallery"],"_links":{"self":[{"href":"https:\/\/bojornal.pt\/index.php?rest_route=\/wp\/v2\/posts\/8788","targetHints":{"allow":["GET"]}}],"collection":[{"href":"https:\/\/bojornal.pt\/index.php?rest_route=\/wp\/v2\/posts"}],"about":[{"href":"https:\/\/bojornal.pt\/index.php?rest_route=\/wp\/v2\/types\/post"}],"author":[{"embeddable":true,"href":"https:\/\/bojornal.pt\/index.php?rest_route=\/wp\/v2\/users\/3"}],"replies":[{"embeddable":true,"href":"https:\/\/bojornal.pt\/index.php?rest_route=%2Fwp%2Fv2%2Fcomments&post=8788"}],"version-history":[{"count":0,"href":"https:\/\/bojornal.pt\/index.php?rest_route=\/wp\/v2\/posts\/8788\/revisions"}],"wp:featuredmedia":[{"embeddable":true,"href":"https:\/\/bojornal.pt\/index.php?rest_route=\/wp\/v2\/media\/8808"}],"wp:attachment":[{"href":"https:\/\/bojornal.pt\/index.php?rest_route=%2Fwp%2Fv2%2Fmedia&parent=8788"}],"wp:term":[{"taxonomy":"category","embeddable":true,"href":"https:\/\/bojornal.pt\/index.php?rest_route=%2Fwp%2Fv2%2Fcategories&post=8788"},{"taxonomy":"post_tag","embeddable":true,"href":"https:\/\/bojornal.pt\/index.php?rest_route=%2Fwp%2Fv2%2Ftags&post=8788"}],"curies":[{"name":"wp","href":"https:\/\/api.w.org\/{rel}","templated":true}]}}