{"id":8589,"date":"2018-04-17T12:39:10","date_gmt":"2018-04-17T11:39:10","guid":{"rendered":"http:\/\/bojornal.pt\/?p=8589"},"modified":"2022-01-28T21:51:37","modified_gmt":"2022-01-28T21:51:37","slug":"alunos-de-emrc-e-espanhol-de-visita-a-sevilha-e-merida","status":"publish","type":"post","link":"https:\/\/bojornal.pt\/?p=8589","title":{"rendered":"Alunos de EMRC e Espanhol de visita a Sevilha e M\u00e9rida"},"content":{"rendered":"<p style=\"text-align: left;\">Os alunos inscritos nas disciplinas de EMRC e Espanhol visitaram as cidades espanholas de Sevilha e M\u00e9rida. Entre os dias 7 e 10 de abril, 71 alunos do 10\u00baano de escolartidade tiveram a oportunidade de contactar com a cultura espanhola e conhecer melhor o riqu\u00edssimo patrim\u00f3nio destas duas cidades. Em M\u00e9rida, antiga capital romana da Lusit\u00e2nia, os participantes visitaram diversos monumentos como o Templo de Diana, a Bas\u00edlica de Santa Eul\u00e1lia, o Arco de Trajano e o Museu de Arte Romano. J\u00e1 em Sevilha, os alunos tiveram a oportunidade de conhecer a Catedral de Santa Maria e Torre Giralda, o Pal\u00e1cio Real de Alcazar, o Acu\u00e1rio de Sevilha, o Bairro de Triana, a Torre del Oro, a Plaza de Espanha, o Parque Maria Lu\u00edsa, o Centro Andaluz de Arte Contempor\u00e2nea, o Metropol Parasol, etc.<\/p>\n<p style=\"text-align: left;\">Esta iniciativa contribui para o enriquecimento cultural de todos os participantes e para o fortalecimento das rela\u00e7\u00f5es interpessoais contribuindo para a forma\u00e7\u00e3o integral dos alunos.<\/p>\n","protected":false},"excerpt":{"rendered":"<p>Os alunos inscritos nas disciplinas de EMRC e Espanhol visitaram as cidades espanholas de Sevilha e M\u00e9rida. Entre os dias 7 e 10 de abril, 71 alunos do 10\u00baano de escolartidade tiveram a oportunidade&#46;&#46;&#46;<\/p>\n","protected":false},"author":3,"featured_media":8732,"comment_status":"closed","ping_status":"closed","sticky":false,"template":"","format":"gallery","meta":{"footnotes":""},"categories":[2,9,16],"tags":[],"class_list":["post-8589","post","type-post","status-publish","format-gallery","has-post-thumbnail","hentry","category-atualidade","category-em-foco","category-escola-secundaria-emidio-garcia","post_format-post-format-gallery"],"_links":{"self":[{"href":"https:\/\/bojornal.pt\/index.php?rest_route=\/wp\/v2\/posts\/8589","targetHints":{"allow":["GET"]}}],"collection":[{"href":"https:\/\/bojornal.pt\/index.php?rest_route=\/wp\/v2\/posts"}],"about":[{"href":"https:\/\/bojornal.pt\/index.php?rest_route=\/wp\/v2\/types\/post"}],"author":[{"embeddable":true,"href":"https:\/\/bojornal.pt\/index.php?rest_route=\/wp\/v2\/users\/3"}],"replies":[{"embeddable":true,"href":"https:\/\/bojornal.pt\/index.php?rest_route=%2Fwp%2Fv2%2Fcomments&post=8589"}],"version-history":[{"count":0,"href":"https:\/\/bojornal.pt\/index.php?rest_route=\/wp\/v2\/posts\/8589\/revisions"}],"wp:featuredmedia":[{"embeddable":true,"href":"https:\/\/bojornal.pt\/index.php?rest_route=\/wp\/v2\/media\/8732"}],"wp:attachment":[{"href":"https:\/\/bojornal.pt\/index.php?rest_route=%2Fwp%2Fv2%2Fmedia&parent=8589"}],"wp:term":[{"taxonomy":"category","embeddable":true,"href":"https:\/\/bojornal.pt\/index.php?rest_route=%2Fwp%2Fv2%2Fcategories&post=8589"},{"taxonomy":"post_tag","embeddable":true,"href":"https:\/\/bojornal.pt\/index.php?rest_route=%2Fwp%2Fv2%2Ftags&post=8589"}],"curies":[{"name":"wp","href":"https:\/\/api.w.org\/{rel}","templated":true}]}}