{"id":8520,"date":"2018-04-16T22:42:19","date_gmt":"2018-04-16T21:42:19","guid":{"rendered":"http:\/\/bojornal.pt\/?p=8520"},"modified":"2018-04-16T22:42:19","modified_gmt":"2018-04-16T21:42:19","slug":"emidio-garcia-participa-em-encontro-nacional-de-alunos-de-emrc","status":"publish","type":"post","link":"https:\/\/bojornal.pt\/?p=8520","title":{"rendered":"Em\u00eddio Garcia participa em Encontro Nacional de Alunos de EMRC"},"content":{"rendered":"<p>&nbsp;<\/p>\n<p>Um grupo de alunos da Escola Em\u00eddio Garcia participou, em Tomar, no Encontro Nacional de Alunos de Secund\u00e1rio de EMRC. O Liceu foi a \u00fanica escola do distrito de Bragan\u00e7a a participar nesta iniciativa que reuniu, nos passados dias 13 e 14 de abril, cerca de 1700 alunos de todo o pa\u00eds. &#8220;Desarma-te&#8221; foi o lema deste evento que proporcionou aos alunos um contacto mais pr\u00f3ximo com os valores defendidos pelos Templ\u00e1rios como a Humildade, a Obedi\u00eancia e o Olhar pelo Outro. Os participantes tiveram tamb\u00e9m a oportunidade de conhecer o riqu\u00edssimo patrim\u00f3nio de Tomar, nomeadamente o Convento de Cristo, a Igreja de Santa Maria, a Sinagoga, e a Igreja de S\u00e3o Jo\u00e3o Baptista. Os alunos visitaram ainda uma exposi\u00e7\u00e3o sobre &#8220;O Juda\u00edsmo&#8221;. Esta iniciativa foi ainda marcada por atividades medievais e por muita m\u00fasica e dan\u00e7a que animou os jovens inscritos em Emrc.<\/p>\n","protected":false},"excerpt":{"rendered":"<p>&nbsp; Um grupo de alunos da Escola Em\u00eddio Garcia participou, em Tomar, no Encontro Nacional de Alunos de Secund\u00e1rio de EMRC. O Liceu foi a \u00fanica escola do distrito de Bragan\u00e7a a participar nesta&#46;&#46;&#46;<\/p>\n","protected":false},"author":3,"featured_media":8551,"comment_status":"closed","ping_status":"closed","sticky":false,"template":"","format":"gallery","meta":{"footnotes":""},"categories":[2,9,16],"tags":[],"class_list":["post-8520","post","type-post","status-publish","format-gallery","has-post-thumbnail","hentry","category-atualidade","category-em-foco","category-escola-secundaria-emidio-garcia","post_format-post-format-gallery"],"_links":{"self":[{"href":"https:\/\/bojornal.pt\/index.php?rest_route=\/wp\/v2\/posts\/8520","targetHints":{"allow":["GET"]}}],"collection":[{"href":"https:\/\/bojornal.pt\/index.php?rest_route=\/wp\/v2\/posts"}],"about":[{"href":"https:\/\/bojornal.pt\/index.php?rest_route=\/wp\/v2\/types\/post"}],"author":[{"embeddable":true,"href":"https:\/\/bojornal.pt\/index.php?rest_route=\/wp\/v2\/users\/3"}],"replies":[{"embeddable":true,"href":"https:\/\/bojornal.pt\/index.php?rest_route=%2Fwp%2Fv2%2Fcomments&post=8520"}],"version-history":[{"count":0,"href":"https:\/\/bojornal.pt\/index.php?rest_route=\/wp\/v2\/posts\/8520\/revisions"}],"wp:featuredmedia":[{"embeddable":true,"href":"https:\/\/bojornal.pt\/index.php?rest_route=\/wp\/v2\/media\/8551"}],"wp:attachment":[{"href":"https:\/\/bojornal.pt\/index.php?rest_route=%2Fwp%2Fv2%2Fmedia&parent=8520"}],"wp:term":[{"taxonomy":"category","embeddable":true,"href":"https:\/\/bojornal.pt\/index.php?rest_route=%2Fwp%2Fv2%2Fcategories&post=8520"},{"taxonomy":"post_tag","embeddable":true,"href":"https:\/\/bojornal.pt\/index.php?rest_route=%2Fwp%2Fv2%2Ftags&post=8520"}],"curies":[{"name":"wp","href":"https:\/\/api.w.org\/{rel}","templated":true}]}}