{"id":8513,"date":"2018-03-29T00:01:31","date_gmt":"2018-03-28T23:01:31","guid":{"rendered":"http:\/\/bojornal.pt\/?p=8513"},"modified":"2018-03-31T10:51:53","modified_gmt":"2018-03-31T09:51:53","slug":"liceu-participa-nas-olimpiadas-da-quimica","status":"publish","type":"post","link":"https:\/\/bojornal.pt\/?p=8513","title":{"rendered":"Liceu participa nas Olimp\u00edadas da Qu\u00edmica+"},"content":{"rendered":"<p>&nbsp;<\/p>\n<p>No passado dia 10 de mar\u00e7o decorreram as semi-finais das Olimipadas de Qu\u00edmica+, organizadas pela Sociedade Portuguesa de Qu\u00edmica e realizadas em v\u00e1rias institui\u00e7\u00f5es de Ensino superior em simult\u00e2neo e, pela terceira vez como semi-final, no Instituto Polit\u00e9cnico de Bragan\u00e7a (IPB). A nossa escola, que tem dado \u201ccartas\u201d nesta competi\u00e7\u00e3o, participou mais uma vez, muito bem representada pela equipa constitu\u00edda pelos alunos Diogo Costa (11\u00ba\u00a0 ano), M\u00e1rio Vaz (11\u00ba ano) e Sara Azevedo (10\u00ba ano) que conquistou o honroso 2\u00ba lugar, na semi-final no IPB.<\/p>\n<p><strong>OPINI\u00d5ES<\/strong><\/p>\n<p><em><strong>Sara Azevedo (10\u00baano):<\/strong><\/em><\/p>\n<p>&#8220;Na minha opini\u00e3o, \u00e9 \u00f3timo existirem concursos, como as Olimp\u00edadas da Qu\u00edmica, que ponham os jovens \u00e0 prova. Por um lado, considero este evento uma motiva\u00e7\u00e3o para os alunos, visto que estes com o seu trabalho e dedica\u00e7\u00e3o nos estudos, neste caso na disciplina de Fisico-qu\u00edmica, podem representar a sua escola em concursos como este. Por outro lado, as Ol\u00edmpicas da Qu\u00edmica permitem despertar os jovens para esta \u00e1rea e para os problemas que ela aborda.Para mim foi bastante gratificante poder participar num evento como este. Em suma, gostei muito de participar e fiquei com vontade de para o ano repetir a experi\u00eancia!&#8221;<\/p>\n<p><em><strong>M\u00e1rio Vaz (11\u00baAno):<\/strong><\/em><\/p>\n<p>&#8220;As olimp\u00edadas s\u00e3o muito interessantes na medida em que promovem e incentivam um estudo que vai para l\u00e1 daquilo ensinado nas aulas. Possibilitando um contacto muito mais \u00edntimo com a qu\u00edmica e abordando a tem\u00e1tica de uma maneira muito mais pr\u00e1tica.&#8221;<\/p>\n","protected":false},"excerpt":{"rendered":"<p>&nbsp; No passado dia 10 de mar\u00e7o decorreram as semi-finais das Olimipadas de Qu\u00edmica+, organizadas pela Sociedade Portuguesa de Qu\u00edmica e realizadas em v\u00e1rias institui\u00e7\u00f5es de Ensino superior em simult\u00e2neo e, pela terceira vez&#46;&#46;&#46;<\/p>\n","protected":false},"author":3,"featured_media":8515,"comment_status":"closed","ping_status":"closed","sticky":false,"template":"","format":"gallery","meta":{"footnotes":""},"categories":[2,9,16],"tags":[],"class_list":["post-8513","post","type-post","status-publish","format-gallery","has-post-thumbnail","hentry","category-atualidade","category-em-foco","category-escola-secundaria-emidio-garcia","post_format-post-format-gallery"],"_links":{"self":[{"href":"https:\/\/bojornal.pt\/index.php?rest_route=\/wp\/v2\/posts\/8513","targetHints":{"allow":["GET"]}}],"collection":[{"href":"https:\/\/bojornal.pt\/index.php?rest_route=\/wp\/v2\/posts"}],"about":[{"href":"https:\/\/bojornal.pt\/index.php?rest_route=\/wp\/v2\/types\/post"}],"author":[{"embeddable":true,"href":"https:\/\/bojornal.pt\/index.php?rest_route=\/wp\/v2\/users\/3"}],"replies":[{"embeddable":true,"href":"https:\/\/bojornal.pt\/index.php?rest_route=%2Fwp%2Fv2%2Fcomments&post=8513"}],"version-history":[{"count":0,"href":"https:\/\/bojornal.pt\/index.php?rest_route=\/wp\/v2\/posts\/8513\/revisions"}],"wp:featuredmedia":[{"embeddable":true,"href":"https:\/\/bojornal.pt\/index.php?rest_route=\/wp\/v2\/media\/8515"}],"wp:attachment":[{"href":"https:\/\/bojornal.pt\/index.php?rest_route=%2Fwp%2Fv2%2Fmedia&parent=8513"}],"wp:term":[{"taxonomy":"category","embeddable":true,"href":"https:\/\/bojornal.pt\/index.php?rest_route=%2Fwp%2Fv2%2Fcategories&post=8513"},{"taxonomy":"post_tag","embeddable":true,"href":"https:\/\/bojornal.pt\/index.php?rest_route=%2Fwp%2Fv2%2Ftags&post=8513"}],"curies":[{"name":"wp","href":"https:\/\/api.w.org\/{rel}","templated":true}]}}