{"id":8248,"date":"2018-03-29T13:54:01","date_gmt":"2018-03-29T12:54:01","guid":{"rendered":"http:\/\/bojornal.pt\/?p=8248"},"modified":"2018-03-29T13:54:01","modified_gmt":"2018-03-29T12:54:01","slug":"pascoa-jovem-com-grande-adesao-por-parte-de-finalistas-e-encarregados-de-educacao","status":"publish","type":"post","link":"https:\/\/bojornal.pt\/?p=8248","title":{"rendered":"P\u00e1scoa Jovem com grande ades\u00e3o por parte de Finalistas e Encarregados de Educa\u00e7\u00e3o"},"content":{"rendered":"<p style=\"text-align: left;\">\n<p style=\"text-align: left;\">O Sal\u00e3o Nobre da Escola Em\u00eddio Garcia tornou-se pequeno para acolher todos os participantes na Celebra\u00e7\u00e3o Pascal \u00abP\u00e1scoa Jovem\/B\u00ean\u00e7\u00e3o de Finalistas\u00bb. Esta celebra\u00e7\u00e3o presidida por D.Jos\u00e9 Cordeiro, Bispo de Bragan\u00e7a-Miranda, contou com a presen\u00e7a de cerca de 140 alunos finalistas de 12\u00baano que, acompanhados pelos\u00a0 encarregados de educa\u00e7\u00e3o, participaram na b\u00ean\u00e7\u00e3o. A celebra\u00e7\u00e3o, que contou com cerca de 600 pessoas, foi marcada pela participa\u00e7\u00e3o ativa dos diversos alunos de 3\u00ba Ciclo e Ensino Secund\u00e1rio em diversas \u00e1reas como o canto, a leitura, a encena\u00e7\u00e3o e a dan\u00e7a. O grupo coral, composto por cerca de meia centena de alunos, fez a anima\u00e7\u00e3o lit\u00fargica na qual se destacaram tamb\u00e9m os grupos de ac\u00f3litos e de escuteiros. A celebra\u00e7\u00e3o teve como tem\u00e1tica: &#8220;Se conhecesses o dom de Deus&#8221; associada ao relato do di\u00e1logo entre Jesus e a Samaritana e ao sacramento do baptismo. A presen\u00e7a dos quase 200 encarregados de educa\u00e7\u00e3o foi o grande destaque da celebra\u00e7\u00e3o na qual estiveram ainda Hern\u00e2ni Dias, Presidente da C\u00e2mara Municipal de Bragan\u00e7a (CMB); Fernanda Silva, Vereadora da Cultura da CMB; Te\u00f3filo Vaz, Presidente do Conselho Geral do Agrupamento; e Ana Fernandes, Presidente da Associa\u00e7\u00e3o de Pais do Agrupamento. A crescente ades\u00e3o de encarregados de educa\u00e7\u00e3o, verificada nos \u00faltimos anos, demonstra o contacto de proximidade criado entre todos os elementos da comunidade educativa. Ap\u00f3s a celebra\u00e7\u00e3o, os finalistas In\u00eas Veloso e Jo\u00e3o Amaro, apoiados pelo professor Jos\u00e9 Amaro, cantaram a \u00abA Balada da Despedida\u00bb proporcionando a todos os presentes um momento \u00fanico e emocionante. A iniciativa concluiu com o almo\u00e7o-conv\u00edvio entre todos os finalistas e elementos que participaram ativamente na atividade. Os alunos que n\u00e3o participaram na celebra\u00e7\u00e3o tiveram a oportunidade de participar na a\u00e7\u00e3o de cidadania realizada no Audit\u00f3rio da Escola Em\u00eddio Garcia e que contou com aproximadamente meia centena de alunos.<\/p>\n","protected":false},"excerpt":{"rendered":"<p>O Sal\u00e3o Nobre da Escola Em\u00eddio Garcia tornou-se pequeno para acolher todos os participantes na Celebra\u00e7\u00e3o Pascal \u00abP\u00e1scoa Jovem\/B\u00ean\u00e7\u00e3o de Finalistas\u00bb. Esta celebra\u00e7\u00e3o presidida por D.Jos\u00e9 Cordeiro, Bispo de Bragan\u00e7a-Miranda, contou com a presen\u00e7a&#46;&#46;&#46;<\/p>\n","protected":false},"author":3,"featured_media":8268,"comment_status":"closed","ping_status":"closed","sticky":false,"template":"","format":"gallery","meta":{"footnotes":""},"categories":[2,9,16],"tags":[],"class_list":["post-8248","post","type-post","status-publish","format-gallery","has-post-thumbnail","hentry","category-atualidade","category-em-foco","category-escola-secundaria-emidio-garcia","post_format-post-format-gallery"],"_links":{"self":[{"href":"https:\/\/bojornal.pt\/index.php?rest_route=\/wp\/v2\/posts\/8248","targetHints":{"allow":["GET"]}}],"collection":[{"href":"https:\/\/bojornal.pt\/index.php?rest_route=\/wp\/v2\/posts"}],"about":[{"href":"https:\/\/bojornal.pt\/index.php?rest_route=\/wp\/v2\/types\/post"}],"author":[{"embeddable":true,"href":"https:\/\/bojornal.pt\/index.php?rest_route=\/wp\/v2\/users\/3"}],"replies":[{"embeddable":true,"href":"https:\/\/bojornal.pt\/index.php?rest_route=%2Fwp%2Fv2%2Fcomments&post=8248"}],"version-history":[{"count":0,"href":"https:\/\/bojornal.pt\/index.php?rest_route=\/wp\/v2\/posts\/8248\/revisions"}],"wp:featuredmedia":[{"embeddable":true,"href":"https:\/\/bojornal.pt\/index.php?rest_route=\/wp\/v2\/media\/8268"}],"wp:attachment":[{"href":"https:\/\/bojornal.pt\/index.php?rest_route=%2Fwp%2Fv2%2Fmedia&parent=8248"}],"wp:term":[{"taxonomy":"category","embeddable":true,"href":"https:\/\/bojornal.pt\/index.php?rest_route=%2Fwp%2Fv2%2Fcategories&post=8248"},{"taxonomy":"post_tag","embeddable":true,"href":"https:\/\/bojornal.pt\/index.php?rest_route=%2Fwp%2Fv2%2Ftags&post=8248"}],"curies":[{"name":"wp","href":"https:\/\/api.w.org\/{rel}","templated":true}]}}