{"id":8228,"date":"2018-03-28T09:29:04","date_gmt":"2018-03-28T08:29:04","guid":{"rendered":"http:\/\/bojornal.pt\/?p=8228"},"modified":"2018-03-28T16:44:56","modified_gmt":"2018-03-28T15:44:56","slug":"a-descoberta-dos-espantalhos","status":"publish","type":"post","link":"https:\/\/bojornal.pt\/?p=8228","title":{"rendered":"\u00c0 descoberta dos espantalhos"},"content":{"rendered":"<p>&nbsp;<\/p>\n<p>\u00c0 procura dos espantalhos numa montra algures em Bragan\u00e7a. \u00c9 desta forma que a Uni\u00e3o de Freguesia da S\u00e9, Santa Maria e Meixedo, em parceria com o Centro Escolar da S\u00e9 e a ACISB que pretende divulgar e dinamizar o com\u00e9rcio local e os trabalhos realizados pelos alunos do pr\u00e9-escolar e do primeiro ciclo do nosso agrupamento, nomeadamente do Centro Escolar da S\u00e9. Na semana entre 19 e 26 de mar\u00e7o, cada loja do com\u00e9rcio brigantino divulgou, nas suas montras, alguns espantalhos realizados e expostos anteriormente no Centro Escolar aquando da Semana dos Afetos. Com esta iniciativa, os alunos e familiares tiveram a oportunidade de procurarem o\u00a0 seu espantalho e, desta forma, conhecerem melhor o com\u00e9rcio local. Esta \u00e9 mais uma atividade que demonstra que o Agrupamento de Escolas Em\u00eddio Garcia est\u00e1 em permanente intera\u00e7\u00e3o com a sociedade brigantina.<\/p>\n","protected":false},"excerpt":{"rendered":"<p>&nbsp; \u00c0 procura dos espantalhos numa montra algures em Bragan\u00e7a. \u00c9 desta forma que a Uni\u00e3o de Freguesia da S\u00e9, Santa Maria e Meixedo, em parceria com o Centro Escolar da S\u00e9 e a&#46;&#46;&#46;<\/p>\n","protected":false},"author":3,"featured_media":8238,"comment_status":"closed","ping_status":"closed","sticky":false,"template":"","format":"gallery","meta":{"footnotes":""},"categories":[14,2,9],"tags":[],"class_list":["post-8228","post","type-post","status-publish","format-gallery","has-post-thumbnail","hentry","category-1o-ciclo","category-atualidade","category-em-foco","post_format-post-format-gallery"],"_links":{"self":[{"href":"https:\/\/bojornal.pt\/index.php?rest_route=\/wp\/v2\/posts\/8228","targetHints":{"allow":["GET"]}}],"collection":[{"href":"https:\/\/bojornal.pt\/index.php?rest_route=\/wp\/v2\/posts"}],"about":[{"href":"https:\/\/bojornal.pt\/index.php?rest_route=\/wp\/v2\/types\/post"}],"author":[{"embeddable":true,"href":"https:\/\/bojornal.pt\/index.php?rest_route=\/wp\/v2\/users\/3"}],"replies":[{"embeddable":true,"href":"https:\/\/bojornal.pt\/index.php?rest_route=%2Fwp%2Fv2%2Fcomments&post=8228"}],"version-history":[{"count":0,"href":"https:\/\/bojornal.pt\/index.php?rest_route=\/wp\/v2\/posts\/8228\/revisions"}],"wp:featuredmedia":[{"embeddable":true,"href":"https:\/\/bojornal.pt\/index.php?rest_route=\/wp\/v2\/media\/8238"}],"wp:attachment":[{"href":"https:\/\/bojornal.pt\/index.php?rest_route=%2Fwp%2Fv2%2Fmedia&parent=8228"}],"wp:term":[{"taxonomy":"category","embeddable":true,"href":"https:\/\/bojornal.pt\/index.php?rest_route=%2Fwp%2Fv2%2Fcategories&post=8228"},{"taxonomy":"post_tag","embeddable":true,"href":"https:\/\/bojornal.pt\/index.php?rest_route=%2Fwp%2Fv2%2Ftags&post=8228"}],"curies":[{"name":"wp","href":"https:\/\/api.w.org\/{rel}","templated":true}]}}