{"id":8216,"date":"2018-03-28T15:01:07","date_gmt":"2018-03-28T14:01:07","guid":{"rendered":"http:\/\/bojornal.pt\/?p=8216"},"modified":"2018-03-28T15:01:07","modified_gmt":"2018-03-28T14:01:07","slug":"liceu-acolheu-alunos-espanhois-em-intercambio-empretic","status":"publish","type":"post","link":"https:\/\/bojornal.pt\/?p=8216","title":{"rendered":"Liceu acolheu alunos espanh\u00f3is em Interc\u00e2mbio \u00abEmpretic\u00bb"},"content":{"rendered":"<p>&nbsp;<\/p>\n<p>A Escola Em\u00eddio Garcia de Bragan\u00e7a acolheu, durante tr\u00eas dias, um grupo de 30 alunos de uma escola de Cebreros (\u00c1vila, Espanha) que estiveram em contacto com alunos de 10\u00baano, inscritos na disciplina de Espanhol, no \u00e2mbito do projeto \u00abEmpretic\u00bb (Projeto de Colabora\u00e7\u00e3o Transfronteiri\u00e7a). Durante os tr\u00eas dias (entre 22 e 24 de mar\u00e7o), os alunos do pa\u00eds vizinho ficaram encantados com a cidade de Bragan\u00e7a, nomeadamente depois das visitas ao Castelo, ao Museu da M\u00e1scara e ao Centro de Arte Contempor\u00e2nea Gra\u00e7a Morais. Os participantes tiveram a oportunidade de contactarem com o sistema de ensino portugu\u00eas e concretamente com a Escola Em\u00eddio Garcia, participando em diversas atividades entre as quais \u00e0 apresenta\u00e7\u00e3o do momento de dan\u00e7a proporcionado pelo grupo 3XL e na apresenta\u00e7\u00e3o dos trabalhos de final de per\u00edodo dos alunos do ensino articulado. Agora, nos pr\u00f3ximos dias 26 e 27 de abril, os alunos de 10\u00baano inscritos em Espanhol viajar\u00e3o at\u00e9 \u00c1vila, onde ser\u00e3o recebidos na Escola de Cebreros.<\/p>\n","protected":false},"excerpt":{"rendered":"<p>&nbsp; A Escola Em\u00eddio Garcia de Bragan\u00e7a acolheu, durante tr\u00eas dias, um grupo de 30 alunos de uma escola de Cebreros (\u00c1vila, Espanha) que estiveram em contacto com alunos de 10\u00baano, inscritos na disciplina&#46;&#46;&#46;<\/p>\n","protected":false},"author":3,"featured_media":8222,"comment_status":"closed","ping_status":"closed","sticky":false,"template":"","format":"gallery","meta":{"footnotes":""},"categories":[2,9,16],"tags":[],"class_list":["post-8216","post","type-post","status-publish","format-gallery","has-post-thumbnail","hentry","category-atualidade","category-em-foco","category-escola-secundaria-emidio-garcia","post_format-post-format-gallery"],"_links":{"self":[{"href":"https:\/\/bojornal.pt\/index.php?rest_route=\/wp\/v2\/posts\/8216","targetHints":{"allow":["GET"]}}],"collection":[{"href":"https:\/\/bojornal.pt\/index.php?rest_route=\/wp\/v2\/posts"}],"about":[{"href":"https:\/\/bojornal.pt\/index.php?rest_route=\/wp\/v2\/types\/post"}],"author":[{"embeddable":true,"href":"https:\/\/bojornal.pt\/index.php?rest_route=\/wp\/v2\/users\/3"}],"replies":[{"embeddable":true,"href":"https:\/\/bojornal.pt\/index.php?rest_route=%2Fwp%2Fv2%2Fcomments&post=8216"}],"version-history":[{"count":0,"href":"https:\/\/bojornal.pt\/index.php?rest_route=\/wp\/v2\/posts\/8216\/revisions"}],"wp:featuredmedia":[{"embeddable":true,"href":"https:\/\/bojornal.pt\/index.php?rest_route=\/wp\/v2\/media\/8222"}],"wp:attachment":[{"href":"https:\/\/bojornal.pt\/index.php?rest_route=%2Fwp%2Fv2%2Fmedia&parent=8216"}],"wp:term":[{"taxonomy":"category","embeddable":true,"href":"https:\/\/bojornal.pt\/index.php?rest_route=%2Fwp%2Fv2%2Fcategories&post=8216"},{"taxonomy":"post_tag","embeddable":true,"href":"https:\/\/bojornal.pt\/index.php?rest_route=%2Fwp%2Fv2%2Ftags&post=8216"}],"curies":[{"name":"wp","href":"https:\/\/api.w.org\/{rel}","templated":true}]}}