{"id":8212,"date":"2018-03-25T12:28:41","date_gmt":"2018-03-25T11:28:41","guid":{"rendered":"http:\/\/bojornal.pt\/?p=8212"},"modified":"2018-03-28T12:40:17","modified_gmt":"2018-03-28T11:40:17","slug":"agrupamento-participa-em-prova-nacional-de-mega-sprinter","status":"publish","type":"post","link":"https:\/\/bojornal.pt\/?p=8212","title":{"rendered":"Agrupamento participa em prova nacional de Mega Sprinter"},"content":{"rendered":"<p>&nbsp;<\/p>\n<p>O Agrupamento de Escolas Em\u00eddio Garcia participou, no \u00e2mbito do Desporto Escolar, na prova nacional de Mega Sprinter que decorreu no Est\u00e1dio Universit\u00e1rio, em Lisboa, nos passados dias 23 e 24 de mar\u00e7o. Os alunos participantes Jo\u00e3o Carlos Ferreira, Domingos Ferreira, Eva Fernandes (Escola Em\u00eddio Garcia) e Ana Sim\u00e3o (Escola Paulo Quintela) prestaram um bom desempenho.<\/p>\n","protected":false},"excerpt":{"rendered":"<p>&nbsp; O Agrupamento de Escolas Em\u00eddio Garcia participou, no \u00e2mbito do Desporto Escolar, na prova nacional de Mega Sprinter que decorreu no Est\u00e1dio Universit\u00e1rio, em Lisboa, nos passados dias 23 e 24 de mar\u00e7o.&#46;&#46;&#46;<\/p>\n","protected":false},"author":3,"featured_media":8213,"comment_status":"closed","ping_status":"closed","sticky":false,"template":"","format":"image","meta":{"footnotes":""},"categories":[2,13,16],"tags":[],"class_list":["post-8212","post","type-post","status-publish","format-image","has-post-thumbnail","hentry","category-atualidade","category-escola-paulo-quintela","category-escola-secundaria-emidio-garcia","post_format-post-format-image"],"_links":{"self":[{"href":"https:\/\/bojornal.pt\/index.php?rest_route=\/wp\/v2\/posts\/8212","targetHints":{"allow":["GET"]}}],"collection":[{"href":"https:\/\/bojornal.pt\/index.php?rest_route=\/wp\/v2\/posts"}],"about":[{"href":"https:\/\/bojornal.pt\/index.php?rest_route=\/wp\/v2\/types\/post"}],"author":[{"embeddable":true,"href":"https:\/\/bojornal.pt\/index.php?rest_route=\/wp\/v2\/users\/3"}],"replies":[{"embeddable":true,"href":"https:\/\/bojornal.pt\/index.php?rest_route=%2Fwp%2Fv2%2Fcomments&post=8212"}],"version-history":[{"count":0,"href":"https:\/\/bojornal.pt\/index.php?rest_route=\/wp\/v2\/posts\/8212\/revisions"}],"wp:featuredmedia":[{"embeddable":true,"href":"https:\/\/bojornal.pt\/index.php?rest_route=\/wp\/v2\/media\/8213"}],"wp:attachment":[{"href":"https:\/\/bojornal.pt\/index.php?rest_route=%2Fwp%2Fv2%2Fmedia&parent=8212"}],"wp:term":[{"taxonomy":"category","embeddable":true,"href":"https:\/\/bojornal.pt\/index.php?rest_route=%2Fwp%2Fv2%2Fcategories&post=8212"},{"taxonomy":"post_tag","embeddable":true,"href":"https:\/\/bojornal.pt\/index.php?rest_route=%2Fwp%2Fv2%2Ftags&post=8212"}],"curies":[{"name":"wp","href":"https:\/\/api.w.org\/{rel}","templated":true}]}}