{"id":8202,"date":"2018-02-20T11:24:05","date_gmt":"2018-02-20T11:24:05","guid":{"rendered":"http:\/\/bojornal.pt\/?p=8202"},"modified":"2018-03-28T11:31:42","modified_gmt":"2018-03-28T10:31:42","slug":"alunos-de-8oano-de-visita-a-aveiro-e-ilhavo","status":"publish","type":"post","link":"https:\/\/bojornal.pt\/?p=8202","title":{"rendered":"Alunos de 8\u00baAno de visita a Aveiro e \u00cdlhavo"},"content":{"rendered":"<p>&nbsp;<\/p>\n<p>Aveiro e \u00cdlhavo foram os destinos escolhidos para a Visita de Estudo promovida pela disciplina de Geografia para os alunos das turmas D e H, do oitavo ano de escolaridade. Esta iniciativa, realizada no passado dia 15 de fevereiro, proporcionou aos alunos um maior conhecimento da costa mar\u00edtima portuguesa atrav\u00e9s das diversas visitas como ao Barco Museu de Santo Andr\u00e9, ao Farol (o maior da Pen\u00ednsula Ib\u00e9rica), Museu Mar\u00edtimo de \u00cdlhavo,\u00a0 e \u00e0 Costa Nova, em Aveiro.<\/p>\n","protected":false},"excerpt":{"rendered":"<p>&nbsp; Aveiro e \u00cdlhavo foram os destinos escolhidos para a Visita de Estudo promovida pela disciplina de Geografia para os alunos das turmas D e H, do oitavo ano de escolaridade. Esta iniciativa, realizada&#46;&#46;&#46;<\/p>\n","protected":false},"author":3,"featured_media":8209,"comment_status":"closed","ping_status":"closed","sticky":false,"template":"","format":"gallery","meta":{"footnotes":""},"categories":[2,16],"tags":[],"class_list":["post-8202","post","type-post","status-publish","format-gallery","has-post-thumbnail","hentry","category-atualidade","category-escola-secundaria-emidio-garcia","post_format-post-format-gallery"],"_links":{"self":[{"href":"https:\/\/bojornal.pt\/index.php?rest_route=\/wp\/v2\/posts\/8202","targetHints":{"allow":["GET"]}}],"collection":[{"href":"https:\/\/bojornal.pt\/index.php?rest_route=\/wp\/v2\/posts"}],"about":[{"href":"https:\/\/bojornal.pt\/index.php?rest_route=\/wp\/v2\/types\/post"}],"author":[{"embeddable":true,"href":"https:\/\/bojornal.pt\/index.php?rest_route=\/wp\/v2\/users\/3"}],"replies":[{"embeddable":true,"href":"https:\/\/bojornal.pt\/index.php?rest_route=%2Fwp%2Fv2%2Fcomments&post=8202"}],"version-history":[{"count":0,"href":"https:\/\/bojornal.pt\/index.php?rest_route=\/wp\/v2\/posts\/8202\/revisions"}],"wp:featuredmedia":[{"embeddable":true,"href":"https:\/\/bojornal.pt\/index.php?rest_route=\/wp\/v2\/media\/8209"}],"wp:attachment":[{"href":"https:\/\/bojornal.pt\/index.php?rest_route=%2Fwp%2Fv2%2Fmedia&parent=8202"}],"wp:term":[{"taxonomy":"category","embeddable":true,"href":"https:\/\/bojornal.pt\/index.php?rest_route=%2Fwp%2Fv2%2Fcategories&post=8202"},{"taxonomy":"post_tag","embeddable":true,"href":"https:\/\/bojornal.pt\/index.php?rest_route=%2Fwp%2Fv2%2Ftags&post=8202"}],"curies":[{"name":"wp","href":"https:\/\/api.w.org\/{rel}","templated":true}]}}