{"id":8151,"date":"2018-03-28T00:20:45","date_gmt":"2018-03-27T23:20:45","guid":{"rendered":"http:\/\/bojornal.pt\/?p=8151"},"modified":"2018-03-29T00:07:23","modified_gmt":"2018-03-28T23:07:23","slug":"comunhao-pascal-da-escola-paulo-quintela-e-centro-escolar-da-se","status":"publish","type":"post","link":"https:\/\/bojornal.pt\/?p=8151","title":{"rendered":"Comunh\u00e3o Pascal da Escola Paulo Quintela e Centro Escolar da S\u00e9"},"content":{"rendered":"<p>&nbsp;<\/p>\n<p>A Igreja de Santo Condest\u00e1vel de Bragan\u00e7a tornou-se pequena para acolher mais de cinco centenas de alunos do pr\u00e9-escolar, primeiro e segundo ciclos, professores, funcion\u00e1rios e encarregados de educa\u00e7\u00e3o do centro Escolar da S\u00e9 e da Escola Paulo Quintela. Como j\u00e1 \u00e9 tradi\u00e7\u00e3o, a comunidade escolar reuniu-se em celebra\u00e7\u00e3o pascal para fazer festa sob o tema: &#8220;Se conhecesses o dom de Deus&#8221;, numa iniciativa dinamizada pela disciplina de EMRC com a colabora\u00e7\u00e3o dos professores de Educa\u00e7\u00e3o Musical. Na celebra\u00e7\u00e3o, presidida pelo Padre J\u00falio Gomes, os alunos dos diversos anos de escolaridade tiveram a opotunidade de participar com c\u00e2nticos, leituras e encena\u00e7\u00e3o na qual se destacaram os diversos grupos como escuteiros e ac\u00f3litos e o grupo de dan\u00e7a da escola Move Your Body, orientado pela professora F\u00e1tima Bessa que deu maior solenidade \u00e0 celebra\u00e7\u00e3o.<\/p>\n<p>&nbsp;<\/p>\n","protected":false},"excerpt":{"rendered":"<p>&nbsp; A Igreja de Santo Condest\u00e1vel de Bragan\u00e7a tornou-se pequena para acolher mais de cinco centenas de alunos do pr\u00e9-escolar, primeiro e segundo ciclos, professores, funcion\u00e1rios e encarregados de educa\u00e7\u00e3o do centro Escolar da&#46;&#46;&#46;<\/p>\n","protected":false},"author":3,"featured_media":8185,"comment_status":"closed","ping_status":"closed","sticky":false,"template":"","format":"gallery","meta":{"footnotes":""},"categories":[14,2,9,13],"tags":[],"class_list":["post-8151","post","type-post","status-publish","format-gallery","has-post-thumbnail","hentry","category-1o-ciclo","category-atualidade","category-em-foco","category-escola-paulo-quintela","post_format-post-format-gallery"],"_links":{"self":[{"href":"https:\/\/bojornal.pt\/index.php?rest_route=\/wp\/v2\/posts\/8151","targetHints":{"allow":["GET"]}}],"collection":[{"href":"https:\/\/bojornal.pt\/index.php?rest_route=\/wp\/v2\/posts"}],"about":[{"href":"https:\/\/bojornal.pt\/index.php?rest_route=\/wp\/v2\/types\/post"}],"author":[{"embeddable":true,"href":"https:\/\/bojornal.pt\/index.php?rest_route=\/wp\/v2\/users\/3"}],"replies":[{"embeddable":true,"href":"https:\/\/bojornal.pt\/index.php?rest_route=%2Fwp%2Fv2%2Fcomments&post=8151"}],"version-history":[{"count":0,"href":"https:\/\/bojornal.pt\/index.php?rest_route=\/wp\/v2\/posts\/8151\/revisions"}],"wp:featuredmedia":[{"embeddable":true,"href":"https:\/\/bojornal.pt\/index.php?rest_route=\/wp\/v2\/media\/8185"}],"wp:attachment":[{"href":"https:\/\/bojornal.pt\/index.php?rest_route=%2Fwp%2Fv2%2Fmedia&parent=8151"}],"wp:term":[{"taxonomy":"category","embeddable":true,"href":"https:\/\/bojornal.pt\/index.php?rest_route=%2Fwp%2Fv2%2Fcategories&post=8151"},{"taxonomy":"post_tag","embeddable":true,"href":"https:\/\/bojornal.pt\/index.php?rest_route=%2Fwp%2Fv2%2Ftags&post=8151"}],"curies":[{"name":"wp","href":"https:\/\/api.w.org\/{rel}","templated":true}]}}