{"id":8147,"date":"2018-03-24T12:42:51","date_gmt":"2018-03-24T12:42:51","guid":{"rendered":"http:\/\/bojornal.pt\/?p=8147"},"modified":"2018-03-27T23:48:56","modified_gmt":"2018-03-27T22:48:56","slug":"8147","status":"publish","type":"post","link":"https:\/\/bojornal.pt\/?p=8147","title":{"rendered":"Liceu acolheu distrital de basquetebol 3&#215;3"},"content":{"rendered":"<p>&nbsp;<\/p>\n<p>O Pavilh\u00e3o da Escola Em\u00eddio Garcia recebeu, no passado dia 22 de mar\u00e7o, a fase distrital de basquetebol 3&#215;3 com a participa\u00e7\u00e3o de cerca de 400 atletas. O agrupamento foi representado por v\u00e1rias equipas em diversas modalidades conseguindo um primeiro, dois segundos e um terceiro lugares.<\/p>\n<p>As equipas que representaram o agrupamento:<br \/>\nUma equipa infantil masculino: 2\u00ba lugar<br \/>\nUma equipa iniciados masculino: 2\u00ba lugar<br \/>\nUma equipa juvenis masculino: 1\u00ba lugar<br \/>\nUma equipa juvenis feminino: 3\u00ba lugar<\/p>\n","protected":false},"excerpt":{"rendered":"<p>&nbsp; O Pavilh\u00e3o da Escola Em\u00eddio Garcia recebeu, no passado dia 22 de mar\u00e7o, a fase distrital de basquetebol 3&#215;3 com a participa\u00e7\u00e3o de cerca de 400 atletas. O agrupamento foi representado por v\u00e1rias&#46;&#46;&#46;<\/p>\n","protected":false},"author":3,"featured_media":8148,"comment_status":"closed","ping_status":"closed","sticky":false,"template":"","format":"image","meta":{"footnotes":""},"categories":[2,16],"tags":[],"class_list":["post-8147","post","type-post","status-publish","format-image","has-post-thumbnail","hentry","category-atualidade","category-escola-secundaria-emidio-garcia","post_format-post-format-image"],"_links":{"self":[{"href":"https:\/\/bojornal.pt\/index.php?rest_route=\/wp\/v2\/posts\/8147","targetHints":{"allow":["GET"]}}],"collection":[{"href":"https:\/\/bojornal.pt\/index.php?rest_route=\/wp\/v2\/posts"}],"about":[{"href":"https:\/\/bojornal.pt\/index.php?rest_route=\/wp\/v2\/types\/post"}],"author":[{"embeddable":true,"href":"https:\/\/bojornal.pt\/index.php?rest_route=\/wp\/v2\/users\/3"}],"replies":[{"embeddable":true,"href":"https:\/\/bojornal.pt\/index.php?rest_route=%2Fwp%2Fv2%2Fcomments&post=8147"}],"version-history":[{"count":0,"href":"https:\/\/bojornal.pt\/index.php?rest_route=\/wp\/v2\/posts\/8147\/revisions"}],"wp:featuredmedia":[{"embeddable":true,"href":"https:\/\/bojornal.pt\/index.php?rest_route=\/wp\/v2\/media\/8148"}],"wp:attachment":[{"href":"https:\/\/bojornal.pt\/index.php?rest_route=%2Fwp%2Fv2%2Fmedia&parent=8147"}],"wp:term":[{"taxonomy":"category","embeddable":true,"href":"https:\/\/bojornal.pt\/index.php?rest_route=%2Fwp%2Fv2%2Fcategories&post=8147"},{"taxonomy":"post_tag","embeddable":true,"href":"https:\/\/bojornal.pt\/index.php?rest_route=%2Fwp%2Fv2%2Ftags&post=8147"}],"curies":[{"name":"wp","href":"https:\/\/api.w.org\/{rel}","templated":true}]}}