{"id":8140,"date":"2018-03-20T23:24:16","date_gmt":"2018-03-20T23:24:16","guid":{"rendered":"http:\/\/bojornal.pt\/?p=8140"},"modified":"2018-05-18T13:05:22","modified_gmt":"2018-05-18T12:05:22","slug":"escola-paulo-quintela-celebra-dia-do-pai","status":"publish","type":"post","link":"https:\/\/bojornal.pt\/?p=8140","title":{"rendered":"Escola Paulo Quintela celebra Dia do Pai"},"content":{"rendered":"<div id=\"js_1rj\" class=\"_5pbx userContent _3576\" data-ft=\"{&quot;tn&quot;:&quot;K&quot;}\">\n<p>&nbsp;<\/p>\n<p>A Escola Paulo Quintela celebrou, no passado dia 19 de mar\u00e7o, o Dia do Pai. Esta iniciativa promovida pelo Clube de M\u00fasica daquele estabelecimento de ensino proporcionou momentos \u00fanicos de emo\u00e7\u00e3o vividos entre alunos e os pais.<\/p>\n<p><a href=\"http:\/\/bojornal.pt\/wp-content\/uploads\/2018\/03\/20180319_213617.jpg\"><img loading=\"lazy\" decoding=\"async\" class=\"alignnone size-thumbnail wp-image-9284\" src=\"http:\/\/bojornal.pt\/wp-content\/uploads\/2018\/03\/20180319_213617-150x150.jpg\" alt=\"20180319_213617\" width=\"150\" height=\"150\" \/><\/a> <a href=\"http:\/\/bojornal.pt\/wp-content\/uploads\/2018\/03\/20180319_212809.jpg\"><img loading=\"lazy\" decoding=\"async\" class=\"alignnone size-thumbnail wp-image-9282\" src=\"http:\/\/bojornal.pt\/wp-content\/uploads\/2018\/03\/20180319_212809-150x150.jpg\" alt=\"20180319_212809\" width=\"150\" height=\"150\" srcset=\"https:\/\/bojornal.pt\/wp-content\/uploads\/2018\/03\/20180319_212809-150x150.jpg 150w, https:\/\/bojornal.pt\/wp-content\/uploads\/2018\/03\/20180319_212809-160x160.jpg 160w, https:\/\/bojornal.pt\/wp-content\/uploads\/2018\/03\/20180319_212809-320x320.jpg 320w\" sizes=\"auto, (max-width: 150px) 100vw, 150px\" \/><\/a> <a href=\"http:\/\/bojornal.pt\/wp-content\/uploads\/2018\/03\/20180319_212255.jpg\"><img loading=\"lazy\" decoding=\"async\" class=\"alignnone size-thumbnail wp-image-9281\" src=\"http:\/\/bojornal.pt\/wp-content\/uploads\/2018\/03\/20180319_212255-150x150.jpg\" alt=\"20180319_212255\" width=\"150\" height=\"150\" srcset=\"https:\/\/bojornal.pt\/wp-content\/uploads\/2018\/03\/20180319_212255-150x150.jpg 150w, https:\/\/bojornal.pt\/wp-content\/uploads\/2018\/03\/20180319_212255-160x160.jpg 160w, https:\/\/bojornal.pt\/wp-content\/uploads\/2018\/03\/20180319_212255-320x320.jpg 320w\" sizes=\"auto, (max-width: 150px) 100vw, 150px\" \/><\/a> <a href=\"http:\/\/bojornal.pt\/wp-content\/uploads\/2018\/03\/20180319_212124.jpg\"><img loading=\"lazy\" decoding=\"async\" class=\"alignnone size-thumbnail wp-image-9280\" src=\"http:\/\/bojornal.pt\/wp-content\/uploads\/2018\/03\/20180319_212124-150x150.jpg\" alt=\"20180319_212124\" width=\"150\" height=\"150\" srcset=\"https:\/\/bojornal.pt\/wp-content\/uploads\/2018\/03\/20180319_212124-150x150.jpg 150w, https:\/\/bojornal.pt\/wp-content\/uploads\/2018\/03\/20180319_212124-160x160.jpg 160w, https:\/\/bojornal.pt\/wp-content\/uploads\/2018\/03\/20180319_212124-320x320.jpg 320w\" sizes=\"auto, (max-width: 150px) 100vw, 150px\" \/><\/a> <a href=\"http:\/\/bojornal.pt\/wp-content\/uploads\/2018\/03\/20180319_210650.jpg\"><img loading=\"lazy\" decoding=\"async\" class=\"alignnone size-thumbnail wp-image-9279\" src=\"http:\/\/bojornal.pt\/wp-content\/uploads\/2018\/03\/20180319_210650-150x150.jpg\" alt=\"20180319_210650\" width=\"150\" height=\"150\" srcset=\"https:\/\/bojornal.pt\/wp-content\/uploads\/2018\/03\/20180319_210650-150x150.jpg 150w, https:\/\/bojornal.pt\/wp-content\/uploads\/2018\/03\/20180319_210650-160x160.jpg 160w, https:\/\/bojornal.pt\/wp-content\/uploads\/2018\/03\/20180319_210650-320x320.jpg 320w\" sizes=\"auto, (max-width: 150px) 100vw, 150px\" \/><\/a> <a href=\"http:\/\/bojornal.pt\/wp-content\/uploads\/2018\/03\/20180319_205151.jpg\"><img loading=\"lazy\" decoding=\"async\" class=\"alignnone size-thumbnail wp-image-9278\" src=\"http:\/\/bojornal.pt\/wp-content\/uploads\/2018\/03\/20180319_205151-150x150.jpg\" alt=\"20180319_205151\" width=\"150\" height=\"150\" srcset=\"https:\/\/bojornal.pt\/wp-content\/uploads\/2018\/03\/20180319_205151-150x150.jpg 150w, https:\/\/bojornal.pt\/wp-content\/uploads\/2018\/03\/20180319_205151-160x160.jpg 160w, https:\/\/bojornal.pt\/wp-content\/uploads\/2018\/03\/20180319_205151-320x320.jpg 320w\" sizes=\"auto, (max-width: 150px) 100vw, 150px\" \/><\/a><\/p>\n<\/div>\n","protected":false},"excerpt":{"rendered":"<p>&nbsp; A Escola Paulo Quintela celebrou, no passado dia 19 de mar\u00e7o, o Dia do Pai. Esta iniciativa promovida pelo Clube de M\u00fasica daquele estabelecimento de ensino proporcionou momentos \u00fanicos de emo\u00e7\u00e3o vividos entre&#46;&#46;&#46;<\/p>\n","protected":false},"author":3,"featured_media":8142,"comment_status":"closed","ping_status":"closed","sticky":false,"template":"","format":"gallery","meta":{"footnotes":""},"categories":[2],"tags":[],"class_list":["post-8140","post","type-post","status-publish","format-gallery","has-post-thumbnail","hentry","category-atualidade","post_format-post-format-gallery"],"_links":{"self":[{"href":"https:\/\/bojornal.pt\/index.php?rest_route=\/wp\/v2\/posts\/8140","targetHints":{"allow":["GET"]}}],"collection":[{"href":"https:\/\/bojornal.pt\/index.php?rest_route=\/wp\/v2\/posts"}],"about":[{"href":"https:\/\/bojornal.pt\/index.php?rest_route=\/wp\/v2\/types\/post"}],"author":[{"embeddable":true,"href":"https:\/\/bojornal.pt\/index.php?rest_route=\/wp\/v2\/users\/3"}],"replies":[{"embeddable":true,"href":"https:\/\/bojornal.pt\/index.php?rest_route=%2Fwp%2Fv2%2Fcomments&post=8140"}],"version-history":[{"count":0,"href":"https:\/\/bojornal.pt\/index.php?rest_route=\/wp\/v2\/posts\/8140\/revisions"}],"wp:featuredmedia":[{"embeddable":true,"href":"https:\/\/bojornal.pt\/index.php?rest_route=\/wp\/v2\/media\/8142"}],"wp:attachment":[{"href":"https:\/\/bojornal.pt\/index.php?rest_route=%2Fwp%2Fv2%2Fmedia&parent=8140"}],"wp:term":[{"taxonomy":"category","embeddable":true,"href":"https:\/\/bojornal.pt\/index.php?rest_route=%2Fwp%2Fv2%2Fcategories&post=8140"},{"taxonomy":"post_tag","embeddable":true,"href":"https:\/\/bojornal.pt\/index.php?rest_route=%2Fwp%2Fv2%2Ftags&post=8140"}],"curies":[{"name":"wp","href":"https:\/\/api.w.org\/{rel}","templated":true}]}}