{"id":8064,"date":"2018-03-27T23:05:17","date_gmt":"2018-03-27T22:05:17","guid":{"rendered":"http:\/\/bojornal.pt\/?p=8064"},"modified":"2018-03-27T23:05:17","modified_gmt":"2018-03-27T22:05:17","slug":"alunos-do-liceu-participam-na-futuralia","status":"publish","type":"post","link":"https:\/\/bojornal.pt\/?p=8064","title":{"rendered":"Alunos do Liceu participam na Futur\u00e1lia"},"content":{"rendered":"<p>&nbsp;<\/p>\n<p>Os alunos de 11\u00ba e 12\u00ba anos participaram na Futur\u00e1lia, em Lisboa, numa visita na qual permitiu aos intervenientes o contacto com diversas institui\u00e7\u00f5es acad\u00e9micas nacionais, para um maior aprofundamento vocacional. Esta iniciativa foi organizada pela disciplina de\u00a0 EMRC e de S\u00edsico-Qu\u00edmica do 11\u00baB. Al\u00e9m das in\u00fameras universidades e institutos presentes, existiram v\u00e1rias atividades dinamizadas pela presen\u00e7a de personalidades de diversas \u00e1reas. Os participantes aproveitaram a oportunidade desta viagem para visitarem o MAAT (Museu de Arte, Arquitetura e Tecnologia), a Quinta da Regaleira, o Padr\u00e3o dos Descobrimentos, a Torre de Bel\u00e9m, os Jer\u00f3nimos, etc.<\/p>\n","protected":false},"excerpt":{"rendered":"<p>&nbsp; Os alunos de 11\u00ba e 12\u00ba anos participaram na Futur\u00e1lia, em Lisboa, numa visita na qual permitiu aos intervenientes o contacto com diversas institui\u00e7\u00f5es acad\u00e9micas nacionais, para um maior aprofundamento vocacional. Esta iniciativa&#46;&#46;&#46;<\/p>\n","protected":false},"author":3,"featured_media":8110,"comment_status":"closed","ping_status":"closed","sticky":false,"template":"","format":"gallery","meta":{"footnotes":""},"categories":[2,3,9,16],"tags":[],"class_list":["post-8064","post","type-post","status-publish","format-gallery","has-post-thumbnail","hentry","category-atualidade","category-cultura","category-em-foco","category-escola-secundaria-emidio-garcia","post_format-post-format-gallery"],"_links":{"self":[{"href":"https:\/\/bojornal.pt\/index.php?rest_route=\/wp\/v2\/posts\/8064","targetHints":{"allow":["GET"]}}],"collection":[{"href":"https:\/\/bojornal.pt\/index.php?rest_route=\/wp\/v2\/posts"}],"about":[{"href":"https:\/\/bojornal.pt\/index.php?rest_route=\/wp\/v2\/types\/post"}],"author":[{"embeddable":true,"href":"https:\/\/bojornal.pt\/index.php?rest_route=\/wp\/v2\/users\/3"}],"replies":[{"embeddable":true,"href":"https:\/\/bojornal.pt\/index.php?rest_route=%2Fwp%2Fv2%2Fcomments&post=8064"}],"version-history":[{"count":0,"href":"https:\/\/bojornal.pt\/index.php?rest_route=\/wp\/v2\/posts\/8064\/revisions"}],"wp:featuredmedia":[{"embeddable":true,"href":"https:\/\/bojornal.pt\/index.php?rest_route=\/wp\/v2\/media\/8110"}],"wp:attachment":[{"href":"https:\/\/bojornal.pt\/index.php?rest_route=%2Fwp%2Fv2%2Fmedia&parent=8064"}],"wp:term":[{"taxonomy":"category","embeddable":true,"href":"https:\/\/bojornal.pt\/index.php?rest_route=%2Fwp%2Fv2%2Fcategories&post=8064"},{"taxonomy":"post_tag","embeddable":true,"href":"https:\/\/bojornal.pt\/index.php?rest_route=%2Fwp%2Fv2%2Ftags&post=8064"}],"curies":[{"name":"wp","href":"https:\/\/api.w.org\/{rel}","templated":true}]}}