{"id":8059,"date":"2018-03-27T16:33:12","date_gmt":"2018-03-27T15:33:12","guid":{"rendered":"http:\/\/bojornal.pt\/?p=8059"},"modified":"2018-03-27T16:33:56","modified_gmt":"2018-03-27T15:33:56","slug":"escola-emidio-garcia-vence-sessao-distrital-do-parlamento-dos-jovens-2","status":"publish","type":"post","link":"https:\/\/bojornal.pt\/?p=8059","title":{"rendered":"Escola Em\u00eddio Garcia vence sess\u00e3o distrital do Parlamento dos Jovens"},"content":{"rendered":"<p><a href=\"http:\/\/bojornal.pt\/wp-content\/uploads\/2018\/03\/DSC_0003.jpg\"><img loading=\"lazy\" decoding=\"async\" class=\"alignnone size-thumbnail wp-image-8045\" src=\"http:\/\/bojornal.pt\/wp-content\/uploads\/2018\/03\/DSC_0003-150x150.jpg\" alt=\"DSC_0003\" width=\"150\" height=\"150\" srcset=\"https:\/\/bojornal.pt\/wp-content\/uploads\/2018\/03\/DSC_0003-150x150.jpg 150w, https:\/\/bojornal.pt\/wp-content\/uploads\/2018\/03\/DSC_0003-160x160.jpg 160w, https:\/\/bojornal.pt\/wp-content\/uploads\/2018\/03\/DSC_0003-320x320.jpg 320w\" sizes=\"auto, (max-width: 150px) 100vw, 150px\" \/><\/a> <a href=\"http:\/\/bojornal.pt\/wp-content\/uploads\/2018\/03\/DSC_0042.jpg\"><img loading=\"lazy\" decoding=\"async\" class=\"alignnone size-thumbnail wp-image-8044\" src=\"http:\/\/bojornal.pt\/wp-content\/uploads\/2018\/03\/DSC_0042-150x150.jpg\" alt=\"DSC_0042\" width=\"150\" height=\"150\" \/><\/a> <a href=\"http:\/\/bojornal.pt\/wp-content\/uploads\/2018\/03\/DSC_0020.jpg\"><img loading=\"lazy\" decoding=\"async\" class=\"alignnone size-thumbnail wp-image-8043\" src=\"http:\/\/bojornal.pt\/wp-content\/uploads\/2018\/03\/DSC_0020-150x150.jpg\" alt=\"DSC_0020\" width=\"150\" height=\"150\" \/><\/a> <a href=\"http:\/\/bojornal.pt\/wp-content\/uploads\/2018\/03\/DSC_0019.jpg\"><img loading=\"lazy\" decoding=\"async\" class=\"alignnone size-thumbnail wp-image-8042\" src=\"http:\/\/bojornal.pt\/wp-content\/uploads\/2018\/03\/DSC_0019-150x150.jpg\" alt=\"DSC_0019\" width=\"150\" height=\"150\" \/><\/a> <a href=\"http:\/\/bojornal.pt\/wp-content\/uploads\/2018\/03\/DSC_0052.jpg\"><img loading=\"lazy\" decoding=\"async\" class=\"alignnone size-thumbnail wp-image-8041\" src=\"http:\/\/bojornal.pt\/wp-content\/uploads\/2018\/03\/DSC_0052-150x150.jpg\" alt=\"DSC_0052\" width=\"150\" height=\"150\" \/><\/a> <a href=\"http:\/\/bojornal.pt\/wp-content\/uploads\/2018\/03\/DSC_0051.jpg\"><img loading=\"lazy\" decoding=\"async\" class=\"alignnone size-thumbnail wp-image-8040\" src=\"http:\/\/bojornal.pt\/wp-content\/uploads\/2018\/03\/DSC_0051-150x150.jpg\" alt=\"DSC_0051\" width=\"150\" height=\"150\" \/><\/a> <a href=\"http:\/\/bojornal.pt\/wp-content\/uploads\/2018\/03\/DSC_0050.jpg\"><img loading=\"lazy\" decoding=\"async\" class=\"alignnone size-thumbnail wp-image-8039\" src=\"http:\/\/bojornal.pt\/wp-content\/uploads\/2018\/03\/DSC_0050-150x150.jpg\" alt=\"DSC_0050\" width=\"150\" height=\"150\" \/><\/a> <a href=\"http:\/\/bojornal.pt\/wp-content\/uploads\/2018\/03\/DSC_0043.jpg\"><img loading=\"lazy\" decoding=\"async\" class=\"alignnone size-thumbnail wp-image-8038\" src=\"http:\/\/bojornal.pt\/wp-content\/uploads\/2018\/03\/DSC_0043-150x150.jpg\" alt=\"DSC_0043\" width=\"150\" height=\"150\" \/><\/a> <a href=\"http:\/\/bojornal.pt\/wp-content\/uploads\/2018\/03\/DSC_0041.jpg\"><img loading=\"lazy\" decoding=\"async\" class=\"alignnone size-thumbnail wp-image-8036\" src=\"http:\/\/bojornal.pt\/wp-content\/uploads\/2018\/03\/DSC_0041-150x150.jpg\" alt=\"DSC_0041\" width=\"150\" height=\"150\" \/><\/a> <a href=\"http:\/\/bojornal.pt\/wp-content\/uploads\/2018\/03\/DSC_0035.jpg\"><img loading=\"lazy\" decoding=\"async\" class=\"alignnone size-thumbnail wp-image-8035\" src=\"http:\/\/bojornal.pt\/wp-content\/uploads\/2018\/03\/DSC_0035-150x150.jpg\" alt=\"DSC_0035\" width=\"150\" height=\"150\" \/><\/a> <a href=\"http:\/\/bojornal.pt\/wp-content\/uploads\/2018\/03\/DSC_0031.jpg\"><img loading=\"lazy\" decoding=\"async\" class=\"alignnone size-thumbnail wp-image-8034\" src=\"http:\/\/bojornal.pt\/wp-content\/uploads\/2018\/03\/DSC_0031-150x150.jpg\" alt=\"DSC_0031\" width=\"150\" height=\"150\" \/><\/a> <a href=\"http:\/\/bojornal.pt\/wp-content\/uploads\/2018\/03\/DSC_0030.jpg\"><img loading=\"lazy\" decoding=\"async\" class=\"alignnone size-thumbnail wp-image-8033\" src=\"http:\/\/bojornal.pt\/wp-content\/uploads\/2018\/03\/DSC_0030-150x150.jpg\" alt=\"DSC_0030\" width=\"150\" height=\"150\" \/><\/a> <a href=\"http:\/\/bojornal.pt\/wp-content\/uploads\/2018\/03\/DSC_0028.jpg\"><img loading=\"lazy\" decoding=\"async\" class=\"alignnone size-thumbnail wp-image-8032\" src=\"http:\/\/bojornal.pt\/wp-content\/uploads\/2018\/03\/DSC_0028-150x150.jpg\" alt=\"DSC_0028\" width=\"150\" height=\"150\" \/><\/a> <a href=\"http:\/\/bojornal.pt\/wp-content\/uploads\/2018\/03\/DSC_0025.jpg\"><img loading=\"lazy\" decoding=\"async\" class=\"alignnone size-thumbnail wp-image-8031\" src=\"http:\/\/bojornal.pt\/wp-content\/uploads\/2018\/03\/DSC_0025-150x150.jpg\" alt=\"DSC_0025\" width=\"150\" height=\"150\" \/><\/a> <a href=\"http:\/\/bojornal.pt\/wp-content\/uploads\/2018\/03\/DSC_0017.jpg\"><img loading=\"lazy\" decoding=\"async\" class=\"alignnone size-thumbnail wp-image-8030\" src=\"http:\/\/bojornal.pt\/wp-content\/uploads\/2018\/03\/DSC_0017-150x150.jpg\" alt=\"DSC_0017\" width=\"150\" height=\"150\" \/><\/a> <a href=\"http:\/\/bojornal.pt\/wp-content\/uploads\/2018\/03\/DSC_0016.jpg\"><img loading=\"lazy\" decoding=\"async\" class=\"alignnone size-thumbnail wp-image-8029\" src=\"http:\/\/bojornal.pt\/wp-content\/uploads\/2018\/03\/DSC_0016-150x150.jpg\" alt=\"DSC_0016\" width=\"150\" height=\"150\" \/><\/a><\/p>\n<p>A Escola Em\u00eddio Garcia venceu, pelo segundo ano consecutivo, a Sess\u00e3o Distrital do Parlamento dos Jovens de terceiro ciclo, subordinada ao tema: &#8220;Igualdade de G\u00e9nero&#8221;, em sess\u00e3o realizada no Sal\u00e3o Nobre da Escola Em\u00eddio Garcia de Bragan\u00e7a. Os alunos Rodrigo Baptista, Jo\u00e3o Gen\u00e9sio, Rita Pires, Eduardo Rodrigues e Gon\u00e7alo Martins, do 9\u00baano, foram os representantes do Liceu na sess\u00e3o distrital que contou com a participa\u00e7\u00e3o\u00a0das escolas do distrito de Bragan\u00e7a.\u00a0Estiveram presentes, nesta sess\u00e3o, o ex-secret\u00e1rio de estado da Administra\u00e7\u00e3o Interna, Jorge Gomes; a vereadora da cultura do Munic\u00edpio de Bragan\u00e7a, Fernanda Silva; Isabel Esteves, representante da DGESTE Norte.<\/p>\n","protected":false},"excerpt":{"rendered":"<p>A Escola Em\u00eddio Garcia venceu, pelo segundo ano consecutivo, a Sess\u00e3o Distrital do Parlamento dos Jovens de terceiro ciclo, subordinada ao tema: &#8220;Igualdade de G\u00e9nero&#8221;, em sess\u00e3o realizada no Sal\u00e3o Nobre da Escola Em\u00eddio&#46;&#46;&#46;<\/p>\n","protected":false},"author":3,"featured_media":8045,"comment_status":"closed","ping_status":"closed","sticky":false,"template":"","format":"gallery","meta":{"footnotes":""},"categories":[14,2,3,9,16],"tags":[],"class_list":["post-8059","post","type-post","status-publish","format-gallery","has-post-thumbnail","hentry","category-1o-ciclo","category-atualidade","category-cultura","category-em-foco","category-escola-secundaria-emidio-garcia","post_format-post-format-gallery"],"_links":{"self":[{"href":"https:\/\/bojornal.pt\/index.php?rest_route=\/wp\/v2\/posts\/8059","targetHints":{"allow":["GET"]}}],"collection":[{"href":"https:\/\/bojornal.pt\/index.php?rest_route=\/wp\/v2\/posts"}],"about":[{"href":"https:\/\/bojornal.pt\/index.php?rest_route=\/wp\/v2\/types\/post"}],"author":[{"embeddable":true,"href":"https:\/\/bojornal.pt\/index.php?rest_route=\/wp\/v2\/users\/3"}],"replies":[{"embeddable":true,"href":"https:\/\/bojornal.pt\/index.php?rest_route=%2Fwp%2Fv2%2Fcomments&post=8059"}],"version-history":[{"count":0,"href":"https:\/\/bojornal.pt\/index.php?rest_route=\/wp\/v2\/posts\/8059\/revisions"}],"wp:featuredmedia":[{"embeddable":true,"href":"https:\/\/bojornal.pt\/index.php?rest_route=\/wp\/v2\/media\/8045"}],"wp:attachment":[{"href":"https:\/\/bojornal.pt\/index.php?rest_route=%2Fwp%2Fv2%2Fmedia&parent=8059"}],"wp:term":[{"taxonomy":"category","embeddable":true,"href":"https:\/\/bojornal.pt\/index.php?rest_route=%2Fwp%2Fv2%2Fcategories&post=8059"},{"taxonomy":"post_tag","embeddable":true,"href":"https:\/\/bojornal.pt\/index.php?rest_route=%2Fwp%2Fv2%2Ftags&post=8059"}],"curies":[{"name":"wp","href":"https:\/\/api.w.org\/{rel}","templated":true}]}}