{"id":7994,"date":"2018-03-27T15:08:36","date_gmt":"2018-03-27T14:08:36","guid":{"rendered":"http:\/\/bojornal.pt\/?p=7994"},"modified":"2018-03-27T15:08:36","modified_gmt":"2018-03-27T14:08:36","slug":"semana-da-leitura-com-os-avos","status":"publish","type":"post","link":"https:\/\/bojornal.pt\/?p=7994","title":{"rendered":"Semana da Leitura com os Av\u00f3s"},"content":{"rendered":"<p>&nbsp;<\/p>\n<p>O Centro Escolar da S\u00e9 promoveu o relevante papel dos av\u00f3s na educa\u00e7\u00e3o dos alunos. Desta forma, e em atividade inserida na Semana da Leitura, os av\u00f3s dos alunos do primeiro ciclo e do pr\u00e9-escolar foram convidados a lerem um conto em plena sala de aula. Com uma grande ades\u00e3o, esta iniciativa contou tamb\u00e9m com diversas atividades na Biblioteca Escolar.<\/p>\n","protected":false},"excerpt":{"rendered":"<p>&nbsp; O Centro Escolar da S\u00e9 promoveu o relevante papel dos av\u00f3s na educa\u00e7\u00e3o dos alunos. Desta forma, e em atividade inserida na Semana da Leitura, os av\u00f3s dos alunos do primeiro ciclo e&#46;&#46;&#46;<\/p>\n","protected":false},"author":3,"featured_media":8014,"comment_status":"closed","ping_status":"closed","sticky":false,"template":"","format":"gallery","meta":{"footnotes":""},"categories":[14,2,9],"tags":[],"class_list":["post-7994","post","type-post","status-publish","format-gallery","has-post-thumbnail","hentry","category-1o-ciclo","category-atualidade","category-em-foco","post_format-post-format-gallery"],"_links":{"self":[{"href":"https:\/\/bojornal.pt\/index.php?rest_route=\/wp\/v2\/posts\/7994","targetHints":{"allow":["GET"]}}],"collection":[{"href":"https:\/\/bojornal.pt\/index.php?rest_route=\/wp\/v2\/posts"}],"about":[{"href":"https:\/\/bojornal.pt\/index.php?rest_route=\/wp\/v2\/types\/post"}],"author":[{"embeddable":true,"href":"https:\/\/bojornal.pt\/index.php?rest_route=\/wp\/v2\/users\/3"}],"replies":[{"embeddable":true,"href":"https:\/\/bojornal.pt\/index.php?rest_route=%2Fwp%2Fv2%2Fcomments&post=7994"}],"version-history":[{"count":0,"href":"https:\/\/bojornal.pt\/index.php?rest_route=\/wp\/v2\/posts\/7994\/revisions"}],"wp:featuredmedia":[{"embeddable":true,"href":"https:\/\/bojornal.pt\/index.php?rest_route=\/wp\/v2\/media\/8014"}],"wp:attachment":[{"href":"https:\/\/bojornal.pt\/index.php?rest_route=%2Fwp%2Fv2%2Fmedia&parent=7994"}],"wp:term":[{"taxonomy":"category","embeddable":true,"href":"https:\/\/bojornal.pt\/index.php?rest_route=%2Fwp%2Fv2%2Fcategories&post=7994"},{"taxonomy":"post_tag","embeddable":true,"href":"https:\/\/bojornal.pt\/index.php?rest_route=%2Fwp%2Fv2%2Ftags&post=7994"}],"curies":[{"name":"wp","href":"https:\/\/api.w.org\/{rel}","templated":true}]}}