{"id":7972,"date":"2018-03-27T13:00:18","date_gmt":"2018-03-27T12:00:18","guid":{"rendered":"http:\/\/bojornal.pt\/?p=7972"},"modified":"2022-01-28T21:11:06","modified_gmt":"2022-01-28T21:11:06","slug":"encerramento-da-semana-da-leitura-debate-literacia-media-e-cidadania","status":"publish","type":"post","link":"https:\/\/bojornal.pt\/?p=7972","title":{"rendered":"Encerramento da Semana da Leitura &#8211; Debate \u201cLiteracia M\u00e9dia e Cidadania\u201d"},"content":{"rendered":"<p>&nbsp;<\/p>\n<p>No dia 12 de mar\u00e7o de 2018, pelas 10:20, no sal\u00e3o nobre da escola secund\u00e1ria, realizou-se a \u00faltima atividade da Semana da Leitura de 2018, que decorreu entre os dias 5 a 12 de mar\u00e7o, subordinada ao t\u00edtulo: \u201cLiberta o leitor que h\u00e1 em ti\u201d.<\/p>\n<p>Esta derradeira atividade consistiu num col\u00f3quio\/debate sobre \u201cLiteracia, M\u00e9dia e Cidadania\u201d e destinou-se aos alunos do ensino secund\u00e1rio.<\/p>\n<p>Na mesa, sentaram-se os jornalistas convidados: Ant\u00f3nio Rodrigues (diretor do seman\u00e1rio <em>Mensageiro de Bragan\u00e7a<\/em>; Jo\u00e3o Fai\u00f5es, jornalista da SIC e Te\u00f3filo Vaz, diretor do seman\u00e1rio <em>Jornal Nordeste<\/em>.<\/p>\n<p>Abriu a sess\u00e3o a professora bibliotec\u00e1ria, Maria do C\u00e9u Afonso, dando as boas-vindas a todos e agradecendo a presen\u00e7a e a disponibilidade dos elementos da mesa, elencando, por \u00faltimo, os objetivos desta atividade, a saber: levar os alunos a refletir sobre a educa\u00e7\u00e3o para os media e a rela\u00e7\u00e3o dos jovens com a informa\u00e7\u00e3o e sobre a import\u00e2ncia dos Meios de Comunica\u00e7\u00e3o Social na constru\u00e7\u00e3o de cidad\u00e3os criativos e civicamente participativos.<\/p>\n<p>Ato cont\u00ednuo, o professor Te\u00f3filo Vaz, dirigindo os trabalhos e tecendo algumas considera\u00e7\u00f5es sobre a import\u00e2ncia da leitura na vida das pessoas, passou, de imediato, a palavra ao jornalista Jo\u00e3o Fai\u00f5es da SIC.<\/p>\n<p>Este come\u00e7ou por questionar a assembleia sobre a import\u00e2ncia dos meios de comunica\u00e7\u00e3o social. Prosseguindo, referiu que os m\u00e9dia ajudam a interpretar o mundo e a alargar os nossos horizontes. Acentuou, ainda, que os m\u00e9dia servem para denunciar situa\u00e7\u00f5es e resolver problemas na sociedade, pondo as pessoas a interagir e a discutir. Na prossecu\u00e7\u00e3o da palestra, pronunciou-se sobre a import\u00e2ncia da imagem, dando como exemplo a televis\u00e3o, onde ambas as linguagens \u2013 escrita e pict\u00f3rica \u2013 surgem associadas, sendo que a imagem secundariza a palavra. Ato cont\u00ednuo, sublinhou a import\u00e2ncia dos m\u00e9dia na escola, constatando, com satisfa\u00e7\u00e3o, que neste Agrupamento existe uma r\u00e1dio escola que cumpre, entre outras, a fun\u00e7\u00e3o de informar e um Jornal escolar (B\u00f4 Jornal), interpelando os alunos a usarem esses espa\u00e7os como locais de interven\u00e7\u00e3o, dedicando-se \u00e0 escrita jornal\u00edstica.<\/p>\n<p>O jornalista Ant\u00f3nio Rodrigues iniciou a sua interven\u00e7\u00e3o, utilizando a mesma metodologia do preletor anterior, ou seja, perguntando aos discentes se liam jornais nos mais variados suportes e qual era para eles a import\u00e2ncia de os ler. Ato cont\u00ednuo, alertou para a credibilidade das not\u00edcias, dando algumas dicas de como proceder para aferir se as mesmas s\u00e3o falsas ou verdadeiras. Referiu-se, tamb\u00e9m, ao poder da comunica\u00e7\u00e3o social, dando como exemplo as \u00faltimas elei\u00e7\u00f5es americanas e a queda do banco BES. Por fim, alertou para a exist\u00eancia de certas not\u00edcias cujo objetivo \u00e9 desviar as aten\u00e7\u00f5es de algum assunto importante, mas de que n\u00e3o conv\u00e9m falar-se.<\/p>\n<p>Por \u00faltimo, o jornalista Te\u00f3filo Vaz iniciou a sua interven\u00e7\u00e3o de forma apocal\u00edptica, come\u00e7ando por dizer que temos receio do desconhecido e da viol\u00eancia, reagindo de forma irracional a algumas not\u00edcias, dando como exemplo a avestruz, quando pensamos que tudo est\u00e1 perdido. Asseverou, de seguida, que para combater esta atitude \u00e9 imperativo estar bem informado, lendo jornais, para ter uma atitude mais racional ao ler algumas not\u00edcias mais sensacionalistas que, infelizmente, aparecem em certos \u00f3rg\u00e3os de comunica\u00e7\u00e3o mais apostado na coscuvilhice lucrativa. Concluiu a sua interven\u00e7\u00e3o, corroborando a ideia de que \u00e9 necess\u00e1rio estar atento e informado para escolher de forma consciente.<\/p>\n<p>No geral, os palestrantes dissecaram os meandros labir\u00ednticos da comunica\u00e7\u00e3o social. Alertaram para o rigor das fontes, para a imparcialidade e objetividade jornal\u00edstica, de acordo com o c\u00f3digo deontol\u00f3gico, e clamaram, de forma veemente, contra as falsas not\u00edcias e a contrainforma\u00e7\u00e3o, visto n\u00e3o observarem os preceitos do referido c\u00f3digo e de contribu\u00edrem para a desinforma\u00e7\u00e3o e confus\u00e3o dos leitores.<\/p>\n<p>No final, os alunos e professores colocaram algumas quest\u00f5es, o que \u00e9 revelador do seu interesse, pela tem\u00e1tica em discuss\u00e3o, e da aten\u00e7\u00e3o com que acompanharam as comunica\u00e7\u00f5es.<\/p>\n<p>Esta atividade foi uma excelente forma de terminar a Semana da Leitura, uma vez que os alunos tiveram a oportunidade de ouvir tr\u00eas jornalistas da cidade e de aprofundar os seus conhecimentos sobre estas tem\u00e1ticas, sempre prementes e atuais, para, assim, estarem em melhores condi\u00e7\u00f5es de fazer uma escolha consciente na imensa pan\u00f3plia de meios informativos que t\u00eam \u00e0 sua disposi\u00e7\u00e3o.<\/p>\n<p>Norberto Veiga<\/p>\n","protected":false},"excerpt":{"rendered":"<p>&nbsp; No dia 12 de mar\u00e7o de 2018, pelas 10:20, no sal\u00e3o nobre da escola secund\u00e1ria, realizou-se a \u00faltima atividade da Semana da Leitura de 2018, que decorreu entre os dias 5 a 12&#46;&#46;&#46;<\/p>\n","protected":false},"author":3,"featured_media":7973,"comment_status":"closed","ping_status":"closed","sticky":false,"template":"","format":"gallery","meta":{"footnotes":""},"categories":[2,3,16],"tags":[],"class_list":["post-7972","post","type-post","status-publish","format-gallery","has-post-thumbnail","hentry","category-atualidade","category-cultura","category-escola-secundaria-emidio-garcia","post_format-post-format-gallery"],"_links":{"self":[{"href":"https:\/\/bojornal.pt\/index.php?rest_route=\/wp\/v2\/posts\/7972","targetHints":{"allow":["GET"]}}],"collection":[{"href":"https:\/\/bojornal.pt\/index.php?rest_route=\/wp\/v2\/posts"}],"about":[{"href":"https:\/\/bojornal.pt\/index.php?rest_route=\/wp\/v2\/types\/post"}],"author":[{"embeddable":true,"href":"https:\/\/bojornal.pt\/index.php?rest_route=\/wp\/v2\/users\/3"}],"replies":[{"embeddable":true,"href":"https:\/\/bojornal.pt\/index.php?rest_route=%2Fwp%2Fv2%2Fcomments&post=7972"}],"version-history":[{"count":0,"href":"https:\/\/bojornal.pt\/index.php?rest_route=\/wp\/v2\/posts\/7972\/revisions"}],"wp:featuredmedia":[{"embeddable":true,"href":"https:\/\/bojornal.pt\/index.php?rest_route=\/wp\/v2\/media\/7973"}],"wp:attachment":[{"href":"https:\/\/bojornal.pt\/index.php?rest_route=%2Fwp%2Fv2%2Fmedia&parent=7972"}],"wp:term":[{"taxonomy":"category","embeddable":true,"href":"https:\/\/bojornal.pt\/index.php?rest_route=%2Fwp%2Fv2%2Fcategories&post=7972"},{"taxonomy":"post_tag","embeddable":true,"href":"https:\/\/bojornal.pt\/index.php?rest_route=%2Fwp%2Fv2%2Ftags&post=7972"}],"curies":[{"name":"wp","href":"https:\/\/api.w.org\/{rel}","templated":true}]}}