{"id":7953,"date":"2018-03-27T12:57:28","date_gmt":"2018-03-27T11:57:28","guid":{"rendered":"http:\/\/bojornal.pt\/?p=7953"},"modified":"2018-03-27T12:57:28","modified_gmt":"2018-03-27T11:57:28","slug":"encontro-com-a-escritora-maria-joao-lopo-de-carvalho","status":"publish","type":"post","link":"https:\/\/bojornal.pt\/?p=7953","title":{"rendered":"Encontro com a escritora Maria Jo\u00e3o Lopo de Carvalho"},"content":{"rendered":"<p>&nbsp;<\/p>\n<p>No passado dia 8 de mar\u00e7o (Dia Internacional da Mulher), alguns alunos do 3.\u00ba ciclo e o ensino secund\u00e1rio foram presenteados com uma sess\u00e3o dirigida pela escritora Maria Jo\u00e3o Lopo de Carvalho. Esta apresentou, com paix\u00e3o, o seu mais recente romance hist\u00f3rico, <em>At\u00e9 que o Amor me Mate \u2013 As mulheres de Cam\u00f5es, <\/em><em>que retrata a vida privada do poeta e as musas que o inspiraram. <\/em><\/p>\n<p><em>Esta sess\u00e3o, que foi realizada no sal\u00e3o nobre da Escola, teve como principal tema de conversa a sua nova obra e todo o percurso da escritora, desde o surgimento da ideia ao primeiro exemplar.<\/em><\/p>\n<p><em>Ap\u00f3s tr\u00eas anos da recolha de dados, consultando estudiosos em Cam\u00f5es e de pesquisa intensa, a escritora decidiu partir em busca dos segredos de Cam\u00f5es, atrav\u00e9s de uma viagem na qual recriou o percurso do poeta antes de escrever uma das maiores e mais emblem\u00e1ticas obras da Literatura Portuguesa, <\/em><em>Os Lus\u00edadas<\/em><em>.<\/em><\/p>\n<p><em>\u00a0<\/em><\/p>\n<p><em>A autora compartilhou com os presentes v\u00e1rias experi\u00eancias vividas durante esta aventura na qual, apenas, levou um exemplar d\u2019<\/em><em>Os Lus\u00edadas <\/em><em>e recursos b\u00e1sicos de sobreviv\u00eancia.<\/em><\/p>\n<p><em>\u00a0<\/em><\/p>\n<p><em>Como agradecimento, a turma de 12.\u00ba ano do curso de Artes Visuais, orientada pelo professor Manuel Trovisco, elaborou uma exposi\u00e7\u00e3o de 23 retratos que representavam Maria Jo\u00e3o Lopo de Carvalho como uma mulher do s\u00e9culo XVI, uma amante de Cam\u00f5es. <\/em><\/p>\n<p><em>Enquanto estudantes de artes, consideramos que esta exposi\u00e7\u00e3o foi um fator crucial para a contextualiza\u00e7\u00e3o da sess\u00e3o e um meio privilegiado para transportar os presentes para a \u00e9poca camoniana. Real\u00e7amos, tamb\u00e9m, o trabalho, o tempo e dedica\u00e7\u00e3o dos alunos envolvidos. O resultado ficou \u00e0 vista de todos, surpreendendo a escritora pelo realismo e qualidade que os trabalhos apresentavam. <\/em><\/p>\n<p><em>\u00a0\u00a0\u00a0\u00a0\u00a0\u00a0\u00a0\u00a0\u00a0\u00a0\u00a0\u00a0\u00a0\u00a0 <\/em><\/p>\n<p><em><strong>Sara Coutinho, 10.\u00baG <\/strong><\/em><\/p>\n<p><em><strong>Gustavo Henrique, 10.\u00baG<\/strong><\/em><\/p>\n","protected":false},"excerpt":{"rendered":"<p>&nbsp; No passado dia 8 de mar\u00e7o (Dia Internacional da Mulher), alguns alunos do 3.\u00ba ciclo e o ensino secund\u00e1rio foram presenteados com uma sess\u00e3o dirigida pela escritora Maria Jo\u00e3o Lopo de Carvalho. Esta&#46;&#46;&#46;<\/p>\n","protected":false},"author":3,"featured_media":7955,"comment_status":"closed","ping_status":"closed","sticky":false,"template":"","format":"gallery","meta":{"footnotes":""},"categories":[2,3,9,16],"tags":[],"class_list":["post-7953","post","type-post","status-publish","format-gallery","has-post-thumbnail","hentry","category-atualidade","category-cultura","category-em-foco","category-escola-secundaria-emidio-garcia","post_format-post-format-gallery"],"_links":{"self":[{"href":"https:\/\/bojornal.pt\/index.php?rest_route=\/wp\/v2\/posts\/7953","targetHints":{"allow":["GET"]}}],"collection":[{"href":"https:\/\/bojornal.pt\/index.php?rest_route=\/wp\/v2\/posts"}],"about":[{"href":"https:\/\/bojornal.pt\/index.php?rest_route=\/wp\/v2\/types\/post"}],"author":[{"embeddable":true,"href":"https:\/\/bojornal.pt\/index.php?rest_route=\/wp\/v2\/users\/3"}],"replies":[{"embeddable":true,"href":"https:\/\/bojornal.pt\/index.php?rest_route=%2Fwp%2Fv2%2Fcomments&post=7953"}],"version-history":[{"count":0,"href":"https:\/\/bojornal.pt\/index.php?rest_route=\/wp\/v2\/posts\/7953\/revisions"}],"wp:featuredmedia":[{"embeddable":true,"href":"https:\/\/bojornal.pt\/index.php?rest_route=\/wp\/v2\/media\/7955"}],"wp:attachment":[{"href":"https:\/\/bojornal.pt\/index.php?rest_route=%2Fwp%2Fv2%2Fmedia&parent=7953"}],"wp:term":[{"taxonomy":"category","embeddable":true,"href":"https:\/\/bojornal.pt\/index.php?rest_route=%2Fwp%2Fv2%2Fcategories&post=7953"},{"taxonomy":"post_tag","embeddable":true,"href":"https:\/\/bojornal.pt\/index.php?rest_route=%2Fwp%2Fv2%2Ftags&post=7953"}],"curies":[{"name":"wp","href":"https:\/\/api.w.org\/{rel}","templated":true}]}}