{"id":7938,"date":"2018-03-10T22:40:44","date_gmt":"2018-03-10T22:40:44","guid":{"rendered":"http:\/\/bojornal.pt\/?p=7938"},"modified":"2018-03-10T22:40:44","modified_gmt":"2018-03-10T22:40:44","slug":"paulo-quintela-acao-de-sensibilizacao-para-uma-postura-corporal-correta","status":"publish","type":"post","link":"https:\/\/bojornal.pt\/?p=7938","title":{"rendered":"Paulo Quintela: A\u00e7\u00e3o de sensibiliza\u00e7\u00e3o para uma postura corporal correta"},"content":{"rendered":"<p>&nbsp;<\/p>\n<p><span lang=\"PT\">Nos dias<\/span><span lang=\"PT\">\u00a01 e 7 de mar\u00e7o a equipa de Sa\u00fade Escolar e o Clube \u201cViver Saud\u00e1vel\u201d em parceria com a ULSN &#8211; nordeste realizou uma A\u00e7\u00e3o de Sensibiliza\u00e7\u00e3o sobre a import\u00e2ncia de uma termos uma postura corporal correta. Esta a\u00e7\u00e3o destinou-se aos alunos do 5.\u00ba ano de escolaridade e foi orientada pelo fisioterapeuta da ULSN,\u00a0 Eduardo Barata, tendo-se revelado de enorme utilidade, pois incidiu o seu foco na correta utiliza\u00e7\u00e3o das mochilas e tamb\u00e9m no manuseamento das novas tecnologias, como tabletes e telem\u00f3veis, cada vez mais presentes na vida dos jovens estudantes. Os alunos puderam esclarecer todas as d\u00favidas relativamente \u00e0 tem\u00e1tica abordada.<\/span><\/p>\n","protected":false},"excerpt":{"rendered":"<p>&nbsp; Nos dias\u00a01 e 7 de mar\u00e7o a equipa de Sa\u00fade Escolar e o Clube \u201cViver Saud\u00e1vel\u201d em parceria com a ULSN &#8211; nordeste realizou uma A\u00e7\u00e3o de Sensibiliza\u00e7\u00e3o sobre a import\u00e2ncia de uma&#46;&#46;&#46;<\/p>\n","protected":false},"author":3,"featured_media":7940,"comment_status":"closed","ping_status":"closed","sticky":false,"template":"","format":"gallery","meta":{"footnotes":""},"categories":[2,13],"tags":[],"class_list":["post-7938","post","type-post","status-publish","format-gallery","has-post-thumbnail","hentry","category-atualidade","category-escola-paulo-quintela","post_format-post-format-gallery"],"_links":{"self":[{"href":"https:\/\/bojornal.pt\/index.php?rest_route=\/wp\/v2\/posts\/7938","targetHints":{"allow":["GET"]}}],"collection":[{"href":"https:\/\/bojornal.pt\/index.php?rest_route=\/wp\/v2\/posts"}],"about":[{"href":"https:\/\/bojornal.pt\/index.php?rest_route=\/wp\/v2\/types\/post"}],"author":[{"embeddable":true,"href":"https:\/\/bojornal.pt\/index.php?rest_route=\/wp\/v2\/users\/3"}],"replies":[{"embeddable":true,"href":"https:\/\/bojornal.pt\/index.php?rest_route=%2Fwp%2Fv2%2Fcomments&post=7938"}],"version-history":[{"count":0,"href":"https:\/\/bojornal.pt\/index.php?rest_route=\/wp\/v2\/posts\/7938\/revisions"}],"wp:featuredmedia":[{"embeddable":true,"href":"https:\/\/bojornal.pt\/index.php?rest_route=\/wp\/v2\/media\/7940"}],"wp:attachment":[{"href":"https:\/\/bojornal.pt\/index.php?rest_route=%2Fwp%2Fv2%2Fmedia&parent=7938"}],"wp:term":[{"taxonomy":"category","embeddable":true,"href":"https:\/\/bojornal.pt\/index.php?rest_route=%2Fwp%2Fv2%2Fcategories&post=7938"},{"taxonomy":"post_tag","embeddable":true,"href":"https:\/\/bojornal.pt\/index.php?rest_route=%2Fwp%2Fv2%2Ftags&post=7938"}],"curies":[{"name":"wp","href":"https:\/\/api.w.org\/{rel}","templated":true}]}}