{"id":7885,"date":"2018-03-06T22:59:28","date_gmt":"2018-03-06T22:59:28","guid":{"rendered":"http:\/\/bojornal.pt\/?p=7885"},"modified":"2018-03-06T22:59:44","modified_gmt":"2018-03-06T22:59:44","slug":"semana-dos-afetos-na-escola-do-campo-redondo","status":"publish","type":"post","link":"https:\/\/bojornal.pt\/?p=7885","title":{"rendered":"Semana dos afetos na Escola do Campo Redondo"},"content":{"rendered":"<p class=\"m_5585013173104753351gmail-Normal1\">No \u00e2mbito da hist\u00f3ria \u201cO Espantalho Enamorado\u201d, objeto de dramatiza\u00e7\u00e3o na Semana dos Afetos, a\u00a0 escola do Campo Redondo solicitou aos alunos\u00a0\u00a0e pais e\/ou encarregados de educa\u00e7\u00e3o a confe\u00e7\u00e3o de espantalhos, com a diversidade de materiais poss\u00edvel , preferencialmente\u00a0\u00a0recicl\u00e1veis.<\/p>\n<p class=\"m_5585013173104753351gmail-Normal1\">Da preciosa colabora\u00e7\u00e3o e empenho dos encarregados de educa\u00e7\u00e3o,\u00a0\u00a0resultou a grande e criativa variedade\u00a0\u00a0de espantalhos que se encontra\u00a0\u00a0exposta no recreio desta escola.<\/p>\n","protected":false},"excerpt":{"rendered":"<p>No \u00e2mbito da hist\u00f3ria \u201cO Espantalho Enamorado\u201d, objeto de dramatiza\u00e7\u00e3o na Semana dos Afetos, a\u00a0 escola do Campo Redondo solicitou aos alunos\u00a0\u00a0e pais e\/ou encarregados de educa\u00e7\u00e3o a confe\u00e7\u00e3o de espantalhos, com a diversidade&#46;&#46;&#46;<\/p>\n","protected":false},"author":3,"featured_media":7903,"comment_status":"closed","ping_status":"closed","sticky":false,"template":"","format":"gallery","meta":{"footnotes":""},"categories":[14,2,9],"tags":[],"class_list":["post-7885","post","type-post","status-publish","format-gallery","has-post-thumbnail","hentry","category-1o-ciclo","category-atualidade","category-em-foco","post_format-post-format-gallery"],"_links":{"self":[{"href":"https:\/\/bojornal.pt\/index.php?rest_route=\/wp\/v2\/posts\/7885","targetHints":{"allow":["GET"]}}],"collection":[{"href":"https:\/\/bojornal.pt\/index.php?rest_route=\/wp\/v2\/posts"}],"about":[{"href":"https:\/\/bojornal.pt\/index.php?rest_route=\/wp\/v2\/types\/post"}],"author":[{"embeddable":true,"href":"https:\/\/bojornal.pt\/index.php?rest_route=\/wp\/v2\/users\/3"}],"replies":[{"embeddable":true,"href":"https:\/\/bojornal.pt\/index.php?rest_route=%2Fwp%2Fv2%2Fcomments&post=7885"}],"version-history":[{"count":0,"href":"https:\/\/bojornal.pt\/index.php?rest_route=\/wp\/v2\/posts\/7885\/revisions"}],"wp:featuredmedia":[{"embeddable":true,"href":"https:\/\/bojornal.pt\/index.php?rest_route=\/wp\/v2\/media\/7903"}],"wp:attachment":[{"href":"https:\/\/bojornal.pt\/index.php?rest_route=%2Fwp%2Fv2%2Fmedia&parent=7885"}],"wp:term":[{"taxonomy":"category","embeddable":true,"href":"https:\/\/bojornal.pt\/index.php?rest_route=%2Fwp%2Fv2%2Fcategories&post=7885"},{"taxonomy":"post_tag","embeddable":true,"href":"https:\/\/bojornal.pt\/index.php?rest_route=%2Fwp%2Fv2%2Ftags&post=7885"}],"curies":[{"name":"wp","href":"https:\/\/api.w.org\/{rel}","templated":true}]}}