{"id":7877,"date":"2018-02-28T15:13:50","date_gmt":"2018-02-28T15:13:50","guid":{"rendered":"http:\/\/bojornal.pt\/?p=7877"},"modified":"2018-03-27T14:27:56","modified_gmt":"2018-03-27T13:27:56","slug":"concurso-nacional-de-leitura","status":"publish","type":"post","link":"https:\/\/bojornal.pt\/?p=7877","title":{"rendered":"Concurso Nacional de Leitura"},"content":{"rendered":"<p>&nbsp;<\/p>\n<p>Decorreu entre os dias 17 de janeiro e 8 de fevereiro 1.\u00ba momento \u2013prova na escola &#8211; da 12.\u00aa edi\u00e7\u00e3o do Concurso Nacional de Leitura com o prop\u00f3sito de promover o gosto pela leitura entre os jovens, o conhecimento de autores de diversas gera\u00e7\u00f5es e de diferentes estilos liter\u00e1rios, o est\u00edmulo de pr\u00e1ticas da leitura e a cria\u00e7\u00e3o de potenciais leitores.<\/p>\n<p>Neste primeiro momento estiveram envolvidos alunos do 1.\u00ba (3.\u00ba e 4.\u00ba anos), 2.\u00ba e 3.\u00ba Ciclos e do Ensino Secund\u00e1rio doAgrupamento. As obras a concurso foram selecionadas pelo j\u00fari, composto em cada escola por tr\u00eas elementos: a professora bibliotec\u00e1ria, umprofessor da equipa da BE e um professor de portugu\u00eas do respetivo ciclo.<\/p>\n<p>Para o 2.\u00ba momento \u2013 prova na Biblioteca Municipal-, a decorrer dia 18 de abril, ficaram apurados os alunos\u00a0Maria Miranda de Almeida (4\u00ba ano EB1 das Beatas), Ana Filipa Rom\u00e3o (6\u00ba A); Celina Morais Fontenete (9\u00ba D) e Sofia Celeste Cheio da Veiga (12\u00ba A).<\/p>\n","protected":false},"excerpt":{"rendered":"<p>&nbsp; Decorreu entre os dias 17 de janeiro e 8 de fevereiro 1.\u00ba momento \u2013prova na escola &#8211; da 12.\u00aa edi\u00e7\u00e3o do Concurso Nacional de Leitura com o prop\u00f3sito de promover o gosto pela&#46;&#46;&#46;<\/p>\n","protected":false},"author":3,"featured_media":0,"comment_status":"closed","ping_status":"closed","sticky":false,"template":"","format":"gallery","meta":{"footnotes":""},"categories":[2,9],"tags":[],"class_list":["post-7877","post","type-post","status-publish","format-gallery","hentry","category-atualidade","category-em-foco","post_format-post-format-gallery"],"_links":{"self":[{"href":"https:\/\/bojornal.pt\/index.php?rest_route=\/wp\/v2\/posts\/7877","targetHints":{"allow":["GET"]}}],"collection":[{"href":"https:\/\/bojornal.pt\/index.php?rest_route=\/wp\/v2\/posts"}],"about":[{"href":"https:\/\/bojornal.pt\/index.php?rest_route=\/wp\/v2\/types\/post"}],"author":[{"embeddable":true,"href":"https:\/\/bojornal.pt\/index.php?rest_route=\/wp\/v2\/users\/3"}],"replies":[{"embeddable":true,"href":"https:\/\/bojornal.pt\/index.php?rest_route=%2Fwp%2Fv2%2Fcomments&post=7877"}],"version-history":[{"count":0,"href":"https:\/\/bojornal.pt\/index.php?rest_route=\/wp\/v2\/posts\/7877\/revisions"}],"wp:attachment":[{"href":"https:\/\/bojornal.pt\/index.php?rest_route=%2Fwp%2Fv2%2Fmedia&parent=7877"}],"wp:term":[{"taxonomy":"category","embeddable":true,"href":"https:\/\/bojornal.pt\/index.php?rest_route=%2Fwp%2Fv2%2Fcategories&post=7877"},{"taxonomy":"post_tag","embeddable":true,"href":"https:\/\/bojornal.pt\/index.php?rest_route=%2Fwp%2Fv2%2Ftags&post=7877"}],"curies":[{"name":"wp","href":"https:\/\/api.w.org\/{rel}","templated":true}]}}