{"id":7766,"date":"2018-02-20T19:18:10","date_gmt":"2018-02-20T19:18:10","guid":{"rendered":"http:\/\/bojornal.pt\/?p=7766"},"modified":"2018-02-25T19:30:43","modified_gmt":"2018-02-25T19:30:43","slug":"escola-paulo-quintela-assinala-semana-dos-afetos","status":"publish","type":"post","link":"https:\/\/bojornal.pt\/?p=7766","title":{"rendered":"Escola Paulo Quintela assinala Semana dos Afetos"},"content":{"rendered":"<p style=\"font-weight: 400;\">A Escola Paulo Quintela assinalou a Semana dos Afetos atrav\u00e9s de diversas atividades que dinamizaram a comunidade escolar\u00a0com o intuito de\u00a0valorizar a afetividade como um aspeto fundamental nas rela\u00e7\u00f5es humanas. De entre as diversas atividades, a Biblioteca Escolar desenvolveu diversas iniciativas. Com a colabora\u00e7\u00e3o dos diretores de turma e nas aulas de Educa\u00e7\u00e3o para a Cidadania, os alunos de 5\u00ba ano dirigiram-se \u00e0 biblioteca para participar em diferentes ateli\u00eas: Bingo dos Afetos; Jogo da Mem\u00f3ria; Caderno dos Elogios; Hoje Agrade\u00e7o; Leva o que precisas, D\u00e1 o que podes; A \u00c1rvore da Fam\u00edlia no Cora\u00e7\u00e3o; Feira de Afetos.<\/p>\n<p style=\"font-weight: 400;\">Foi ainda assinalado\u00a0o Dia de S\u00e3o Valentim,\u00a0 dia 14 de fevereiro,\u00a0com a realiza\u00e7\u00e3o de uma\u00a0 sess\u00e3o de esclarecimento \u201c<strong>Afetos Sentimentos Emo\u00e7\u00f5es e Valores\u201d,<\/strong>\u00a0destinada aos alunos do 6\u00ba ano de escolaridade, organizada pela Equipa do Projeto de Educa\u00e7\u00e3o para a Sa\u00fade, em articula\u00e7\u00e3o com o Clube \u201cViver Saud\u00e1vel\u201d.<\/p>\n<p style=\"font-weight: 400;\">\u00a0\u00a0\u00a0\u00a0Foram delineados para a sess\u00e3o de esclarecimento os seguintes objetivos:\u00a0Abordar tem\u00e1ticas sobre sentimentos, afetos e valores e promover a reflex\u00e3o sobre rela\u00e7\u00f5es interpessoais e rela\u00e7\u00f5es saud\u00e1veis e n\u00e3o saud\u00e1veis.<\/p>\n<p style=\"font-weight: 400;\">\n","protected":false},"excerpt":{"rendered":"<p>A Escola Paulo Quintela assinalou a Semana dos Afetos atrav\u00e9s de diversas atividades que dinamizaram a comunidade escolar\u00a0com o intuito de\u00a0valorizar a afetividade como um aspeto fundamental nas rela\u00e7\u00f5es humanas. De entre as diversas&#46;&#46;&#46;<\/p>\n","protected":false},"author":3,"featured_media":7775,"comment_status":"closed","ping_status":"closed","sticky":false,"template":"","format":"gallery","meta":{"footnotes":""},"categories":[2,9,13],"tags":[],"class_list":["post-7766","post","type-post","status-publish","format-gallery","has-post-thumbnail","hentry","category-atualidade","category-em-foco","category-escola-paulo-quintela","post_format-post-format-gallery"],"_links":{"self":[{"href":"https:\/\/bojornal.pt\/index.php?rest_route=\/wp\/v2\/posts\/7766","targetHints":{"allow":["GET"]}}],"collection":[{"href":"https:\/\/bojornal.pt\/index.php?rest_route=\/wp\/v2\/posts"}],"about":[{"href":"https:\/\/bojornal.pt\/index.php?rest_route=\/wp\/v2\/types\/post"}],"author":[{"embeddable":true,"href":"https:\/\/bojornal.pt\/index.php?rest_route=\/wp\/v2\/users\/3"}],"replies":[{"embeddable":true,"href":"https:\/\/bojornal.pt\/index.php?rest_route=%2Fwp%2Fv2%2Fcomments&post=7766"}],"version-history":[{"count":0,"href":"https:\/\/bojornal.pt\/index.php?rest_route=\/wp\/v2\/posts\/7766\/revisions"}],"wp:featuredmedia":[{"embeddable":true,"href":"https:\/\/bojornal.pt\/index.php?rest_route=\/wp\/v2\/media\/7775"}],"wp:attachment":[{"href":"https:\/\/bojornal.pt\/index.php?rest_route=%2Fwp%2Fv2%2Fmedia&parent=7766"}],"wp:term":[{"taxonomy":"category","embeddable":true,"href":"https:\/\/bojornal.pt\/index.php?rest_route=%2Fwp%2Fv2%2Fcategories&post=7766"},{"taxonomy":"post_tag","embeddable":true,"href":"https:\/\/bojornal.pt\/index.php?rest_route=%2Fwp%2Fv2%2Ftags&post=7766"}],"curies":[{"name":"wp","href":"https:\/\/api.w.org\/{rel}","templated":true}]}}