{"id":7761,"date":"2018-02-10T08:02:53","date_gmt":"2018-02-10T08:02:53","guid":{"rendered":"http:\/\/bojornal.pt\/?p=7761"},"modified":"2022-01-28T19:57:47","modified_gmt":"2022-01-28T19:57:47","slug":"agrupamento-volta-a-vencer-concurso-de-presepios","status":"publish","type":"post","link":"https:\/\/bojornal.pt\/?p=7761","title":{"rendered":"Agrupamento volta a vencer Concurso de Pres\u00e9pios"},"content":{"rendered":"<p>&nbsp;<\/p>\n<p>O Agrupamento de Escolas Em\u00eddio Garcia venceu, mais uma vez, o Concurso de Pres\u00e9pios, organizado pela C\u00e2mara Municipal de Bragan\u00e7a. O trabalho vencedor&nbsp;dedicado \u00e0s v\u00edtimas dos inc\u00eandios foi elaborado pelos alunos de Artes Visuais de 12\u00baAno,&nbsp;orientados&nbsp;por Manuel Trovisco,&nbsp;professor de Desenho.<\/p>\n<p>Em destaque esteve tamb\u00e9m o pres\u00e9pio do Centro Escolar da S\u00e9 que conquistou o 4\u00baLugar.<\/p>\n","protected":false},"excerpt":{"rendered":"<p>&nbsp; O Agrupamento de Escolas Em\u00eddio Garcia venceu, mais uma vez, o Concurso de Pres\u00e9pios, organizado pela C\u00e2mara Municipal de Bragan\u00e7a. O trabalho vencedor&nbsp;dedicado \u00e0s v\u00edtimas dos inc\u00eandios foi elaborado pelos alunos de Artes&#46;&#46;&#46;<\/p>\n","protected":false},"author":3,"featured_media":7764,"comment_status":"closed","ping_status":"closed","sticky":false,"template":"","format":"gallery","meta":{"footnotes":""},"categories":[2,3,9],"tags":[],"class_list":["post-7761","post","type-post","status-publish","format-gallery","has-post-thumbnail","hentry","category-atualidade","category-cultura","category-em-foco","post_format-post-format-gallery"],"_links":{"self":[{"href":"https:\/\/bojornal.pt\/index.php?rest_route=\/wp\/v2\/posts\/7761","targetHints":{"allow":["GET"]}}],"collection":[{"href":"https:\/\/bojornal.pt\/index.php?rest_route=\/wp\/v2\/posts"}],"about":[{"href":"https:\/\/bojornal.pt\/index.php?rest_route=\/wp\/v2\/types\/post"}],"author":[{"embeddable":true,"href":"https:\/\/bojornal.pt\/index.php?rest_route=\/wp\/v2\/users\/3"}],"replies":[{"embeddable":true,"href":"https:\/\/bojornal.pt\/index.php?rest_route=%2Fwp%2Fv2%2Fcomments&post=7761"}],"version-history":[{"count":0,"href":"https:\/\/bojornal.pt\/index.php?rest_route=\/wp\/v2\/posts\/7761\/revisions"}],"wp:featuredmedia":[{"embeddable":true,"href":"https:\/\/bojornal.pt\/index.php?rest_route=\/wp\/v2\/media\/7764"}],"wp:attachment":[{"href":"https:\/\/bojornal.pt\/index.php?rest_route=%2Fwp%2Fv2%2Fmedia&parent=7761"}],"wp:term":[{"taxonomy":"category","embeddable":true,"href":"https:\/\/bojornal.pt\/index.php?rest_route=%2Fwp%2Fv2%2Fcategories&post=7761"},{"taxonomy":"post_tag","embeddable":true,"href":"https:\/\/bojornal.pt\/index.php?rest_route=%2Fwp%2Fv2%2Ftags&post=7761"}],"curies":[{"name":"wp","href":"https:\/\/api.w.org\/{rel}","templated":true}]}}